{"id":763,"date":"2016-10-14T12:46:05","date_gmt":"2016-10-14T11:46:05","guid":{"rendered":"http:\/\/agora.xtec.cat\/ceip-joanmiro-barcelona\/?p=763"},"modified":"2016-10-14T12:46:05","modified_gmt":"2016-10-14T11:46:05","slug":"angles","status":"publish","type":"post","link":"https:\/\/agora.xtec.cat\/ceip-joanmiro-barcelona\/primaria\/promocio2020\/angles\/","title":{"rendered":"Angl\u00e8s"},"content":{"rendered":"<p style=\"text-align: justify;\">Aquesta setmana tots els alumnes portaran a la carpeta verda el CD d&#8217;angl\u00e8s. En aquest CD podreu escoltar totes les can\u00e7ons que farem a la classe d&#8217;angl\u00e8s.<\/p>\n<p style=\"text-align: justify;\">El dimarts dia 18 farem una petita prova sobre els colors i els nombres de l&#8217;1 al 10 en angl\u00e8s. Per aix\u00f2 us recomanem que dediqueu alguna estona per fer un rep\u00e0s.<\/p>\n","protected":false},"excerpt":{"rendered":"<p>Aquesta setmana tots els alumnes portaran a la carpeta verda el CD d&#8217;angl\u00e8s. En aquest CD podreu escoltar totes les can\u00e7ons que farem a la classe d&#8217;angl\u00e8s.<br \/>\nEl dimarts dia 18 farem una petita prova sobre els colors i els nombres de l&#8217;1 al 10 en&hellip;  <a href=\"https:\/\/agora.xtec.cat\/ceip-joanmiro-barcelona\/primaria\/promocio2020\/angles\/\" title=\"Read Angl\u00e8s\">Llegeix m\u00e9s\u00bb<\/a><\/p>\n","protected":false},"author":1,"featured_media":0,"comment_status":"open","ping_status":"open","sticky":false,"template":"","format":"standard","meta":{"_bbp_topic_count":0,"_bbp_reply_count":0,"_bbp_total_topic_count":0,"_bbp_total_reply_count":0,"_bbp_voice_count":0,"_bbp_anonymous_reply_count":0,"_bbp_topic_count_hidden":0,"_bbp_reply_count_hidden":0,"_bbp_forum_subforum_count":0,"footnotes":""},"categories":[12],"tags":[],"class_list":["post-763","post","type-post","status-publish","format-standard","hentry","category-promocio2020"],"post_mailing_queue_ids":[],"_links":{"self":[{"href":"https:\/\/agora.xtec.cat\/ceip-joanmiro-barcelona\/wp-json\/wp\/v2\/posts\/763","targetHints":{"allow":["GET"]}}],"collection":[{"href":"https:\/\/agora.xtec.cat\/ceip-joanmiro-barcelona\/wp-json\/wp\/v2\/posts"}],"about":[{"href":"https:\/\/agora.xtec.cat\/ceip-joanmiro-barcelona\/wp-json\/wp\/v2\/types\/post"}],"author":[{"embeddable":true,"href":"https:\/\/agora.xtec.cat\/ceip-joanmiro-barcelona\/wp-json\/wp\/v2\/users\/1"}],"replies":[{"embeddable":true,"href":"https:\/\/agora.xtec.cat\/ceip-joanmiro-barcelona\/wp-json\/wp\/v2\/comments?post=763"}],"version-history":[{"count":1,"href":"https:\/\/agora.xtec.cat\/ceip-joanmiro-barcelona\/wp-json\/wp\/v2\/posts\/763\/revisions"}],"predecessor-version":[{"id":764,"href":"https:\/\/agora.xtec.cat\/ceip-joanmiro-barcelona\/wp-json\/wp\/v2\/posts\/763\/revisions\/764"}],"wp:attachment":[{"href":"https:\/\/agora.xtec.cat\/ceip-joanmiro-barcelona\/wp-json\/wp\/v2\/media?parent=763"}],"wp:term":[{"taxonomy":"category","embeddable":true,"href":"https:\/\/agora.xtec.cat\/ceip-joanmiro-barcelona\/wp-json\/wp\/v2\/categories?post=763"},{"taxonomy":"post_tag","embeddable":true,"href":"https:\/\/agora.xtec.cat\/ceip-joanmiro-barcelona\/wp-json\/wp\/v2\/tags?post=763"}],"curies":[{"name":"wp","href":"https:\/\/api.w.org\/{rel}","templated":true}]}}