{"id":756,"date":"2016-10-14T12:40:04","date_gmt":"2016-10-14T11:40:04","guid":{"rendered":"http:\/\/agora.xtec.cat\/ceip-joanmiro-barcelona\/?p=756"},"modified":"2016-10-14T12:40:04","modified_gmt":"2016-10-14T11:40:04","slug":"matematiques","status":"publish","type":"post","link":"https:\/\/agora.xtec.cat\/ceip-joanmiro-barcelona\/primaria\/promocio2020\/matematiques\/","title":{"rendered":"Matem\u00e0tiques"},"content":{"rendered":"<p>Aquestes setmanes a la classe de matem\u00e0tiques comen\u00e7arem a practicar i repassarem:<\/p>\n<ul>\n<li><a href=\"http:\/\/www.mundoprimaria.com\/recursos-educativos\/tablas-de-multiplicar\/\" target=\"_blank\">Les taules de multiplicar del 2, 3 i 4.<\/a><\/li>\n<li><a href=\"http:\/\/velosipios.blogspot.com.es\/2012\/12\/restes-portant.html\" target=\"_blank\">Les restes portant<\/a><\/li>\n<li>Els problemes. Aqu\u00ed teniu un breu esquema que de ben segur que us ajuda per resoldre qualsevol problema.<\/li>\n<\/ul>\n<p><a href=\"http:\/\/agora.xtec.cat\/ceip-joanmiro-barcelona\/wp-content\/uploads\/usu741\/2016\/10\/Esquema-problemes.jpg\"><img loading=\"lazy\" decoding=\"async\" class=\"size-full wp-image-757 aligncenter\" src=\"http:\/\/agora.xtec.cat\/ceip-joanmiro-barcelona\/wp-content\/uploads\/usu741\/2016\/10\/Esquema-problemes.jpg\" alt=\"esquema-problemes\" width=\"614\" height=\"460\" srcset=\"https:\/\/agora.xtec.cat\/ceip-joanmiro-barcelona\/wp-content\/uploads\/usu741\/2016\/10\/Esquema-problemes.jpg 614w, https:\/\/agora.xtec.cat\/ceip-joanmiro-barcelona\/wp-content\/uploads\/usu741\/2016\/10\/Esquema-problemes-300x225.jpg 300w, https:\/\/agora.xtec.cat\/ceip-joanmiro-barcelona\/wp-content\/uploads\/usu741\/2016\/10\/Esquema-problemes-200x150.jpg 200w\" sizes=\"auto, (max-width: 614px) 100vw, 614px\" \/><\/a><\/p>\n","protected":false},"excerpt":{"rendered":"<p>Aquestes setmanes a la classe de matem\u00e0tiques comen\u00e7arem a practicar i repassarem:<\/p>\n<ul>\n<li><a href=\"http:\/\/www.mundoprimaria.com\/recursos-educativos\/tablas-de-multiplicar\/\" target=\"_blank\">Les taules de multiplicar del 2, 3 i 4.<\/a><\/li>\n<li><a href=\"http:\/\/velosipios.blogspot.com.es\/2012\/12\/restes-portant.html\" target=\"_blank\">Les restes portant<\/a><\/li>\n<li>Els problemes. Aqu\u00ed teniu un breu esquema que de ben segur que us ajuda per resoldre qualsevol problema.<\/li>\n<\/ul>\n<p><a href=\"http:\/\/agora.xtec.cat\/ceip-joanmiro-barcelona\/wp-content\/uploads\/usu741\/2016\/10\/Esquema-problemes.jpg\"><\/a><\/p>\n","protected":false},"author":1,"featured_media":0,"comment_status":"open","ping_status":"open","sticky":false,"template":"","format":"standard","meta":{"_bbp_topic_count":0,"_bbp_reply_count":0,"_bbp_total_topic_count":0,"_bbp_total_reply_count":0,"_bbp_voice_count":0,"_bbp_anonymous_reply_count":0,"_bbp_topic_count_hidden":0,"_bbp_reply_count_hidden":0,"_bbp_forum_subforum_count":0,"footnotes":""},"categories":[12],"tags":[],"class_list":["post-756","post","type-post","status-publish","format-standard","hentry","category-promocio2020"],"post_mailing_queue_ids":[],"_links":{"self":[{"href":"https:\/\/agora.xtec.cat\/ceip-joanmiro-barcelona\/wp-json\/wp\/v2\/posts\/756","targetHints":{"allow":["GET"]}}],"collection":[{"href":"https:\/\/agora.xtec.cat\/ceip-joanmiro-barcelona\/wp-json\/wp\/v2\/posts"}],"about":[{"href":"https:\/\/agora.xtec.cat\/ceip-joanmiro-barcelona\/wp-json\/wp\/v2\/types\/post"}],"author":[{"embeddable":true,"href":"https:\/\/agora.xtec.cat\/ceip-joanmiro-barcelona\/wp-json\/wp\/v2\/users\/1"}],"replies":[{"embeddable":true,"href":"https:\/\/agora.xtec.cat\/ceip-joanmiro-barcelona\/wp-json\/wp\/v2\/comments?post=756"}],"version-history":[{"count":4,"href":"https:\/\/agora.xtec.cat\/ceip-joanmiro-barcelona\/wp-json\/wp\/v2\/posts\/756\/revisions"}],"predecessor-version":[{"id":762,"href":"https:\/\/agora.xtec.cat\/ceip-joanmiro-barcelona\/wp-json\/wp\/v2\/posts\/756\/revisions\/762"}],"wp:attachment":[{"href":"https:\/\/agora.xtec.cat\/ceip-joanmiro-barcelona\/wp-json\/wp\/v2\/media?parent=756"}],"wp:term":[{"taxonomy":"category","embeddable":true,"href":"https:\/\/agora.xtec.cat\/ceip-joanmiro-barcelona\/wp-json\/wp\/v2\/categories?post=756"},{"taxonomy":"post_tag","embeddable":true,"href":"https:\/\/agora.xtec.cat\/ceip-joanmiro-barcelona\/wp-json\/wp\/v2\/tags?post=756"}],"curies":[{"name":"wp","href":"https:\/\/api.w.org\/{rel}","templated":true}]}}