{"id":7466,"date":"2020-03-30T10:39:23","date_gmt":"2020-03-30T08:39:23","guid":{"rendered":"http:\/\/agora.xtec.cat\/ceip-joanmiro-barcelona\/?p=7466"},"modified":"2020-07-09T18:10:18","modified_gmt":"2020-07-09T16:10:18","slug":"tots-junts-i-juntes","status":"publish","type":"post","link":"https:\/\/agora.xtec.cat\/ceip-joanmiro-barcelona\/general\/tots-junts-i-juntes\/","title":{"rendered":"Tots junts i juntes"},"content":{"rendered":"<p>Haur\u00edeu relacionat mai la professi\u00f3 de fot\u00f2grafa a la de cuinera? No? Doncs, pregunteu-ho als vostres fills i filles, perqu\u00e8 amb aquesta comparaci\u00f3 la Marta ens va introduir en el meravell\u00f3s m\u00f3n de la fotografia, fent-nos veure que la llum era tan important per al fot\u00f2graf com el foc per al cuiner.<\/p>\n<p>Us deixem amb el v\u00eddeo de les fotos que ens va fer aquell dia, quan encara ens pod\u00edem abra\u00e7ar&#8230; L&#8217;hem preparat amb molta il\u00b7lusi\u00f3 perqu\u00e8 aquests dies el puguem mirar sempre que estiguem enyorats!<\/p>\n<p>https:\/\/youtu.be\/6IKWDZ_e4QY<\/p>\n","protected":false},"excerpt":{"rendered":"<p>Haur\u00edeu relacionat mai la professi\u00f3 de fot\u00f2grafa a la de cuinera? &hellip;  <a href=\"https:\/\/agora.xtec.cat\/ceip-joanmiro-barcelona\/general\/tots-junts-i-juntes\/\" title=\"Read Tots junts i juntes\">Llegeix m\u00e9s\u00bb<\/a><\/p>\n","protected":false},"author":1,"featured_media":7468,"comment_status":"open","ping_status":"closed","sticky":false,"template":"","format":"standard","meta":{"_bbp_topic_count":0,"_bbp_reply_count":0,"_bbp_total_topic_count":0,"_bbp_total_reply_count":0,"_bbp_voice_count":0,"_bbp_anonymous_reply_count":0,"_bbp_topic_count_hidden":0,"_bbp_reply_count_hidden":0,"_bbp_forum_subforum_count":0,"footnotes":""},"categories":[230,177,150,1,2],"tags":[221,222,223],"class_list":["post-7466","post","type-post","status-publish","format-standard","has-post-thumbnail","hentry","category-quart","category-cinque","category-sise","category-general","category-infantil","tag-p3-llops-i-cabretes","tag-p4-abelles-i-formigues","tag-p5-brillantina-i-llumetes-de-colors"],"post_mailing_queue_ids":[],"_links":{"self":[{"href":"https:\/\/agora.xtec.cat\/ceip-joanmiro-barcelona\/wp-json\/wp\/v2\/posts\/7466","targetHints":{"allow":["GET"]}}],"collection":[{"href":"https:\/\/agora.xtec.cat\/ceip-joanmiro-barcelona\/wp-json\/wp\/v2\/posts"}],"about":[{"href":"https:\/\/agora.xtec.cat\/ceip-joanmiro-barcelona\/wp-json\/wp\/v2\/types\/post"}],"author":[{"embeddable":true,"href":"https:\/\/agora.xtec.cat\/ceip-joanmiro-barcelona\/wp-json\/wp\/v2\/users\/1"}],"replies":[{"embeddable":true,"href":"https:\/\/agora.xtec.cat\/ceip-joanmiro-barcelona\/wp-json\/wp\/v2\/comments?post=7466"}],"version-history":[{"count":3,"href":"https:\/\/agora.xtec.cat\/ceip-joanmiro-barcelona\/wp-json\/wp\/v2\/posts\/7466\/revisions"}],"predecessor-version":[{"id":7472,"href":"https:\/\/agora.xtec.cat\/ceip-joanmiro-barcelona\/wp-json\/wp\/v2\/posts\/7466\/revisions\/7472"}],"wp:featuredmedia":[{"embeddable":true,"href":"https:\/\/agora.xtec.cat\/ceip-joanmiro-barcelona\/wp-json\/wp\/v2\/media\/7468"}],"wp:attachment":[{"href":"https:\/\/agora.xtec.cat\/ceip-joanmiro-barcelona\/wp-json\/wp\/v2\/media?parent=7466"}],"wp:term":[{"taxonomy":"category","embeddable":true,"href":"https:\/\/agora.xtec.cat\/ceip-joanmiro-barcelona\/wp-json\/wp\/v2\/categories?post=7466"},{"taxonomy":"post_tag","embeddable":true,"href":"https:\/\/agora.xtec.cat\/ceip-joanmiro-barcelona\/wp-json\/wp\/v2\/tags?post=7466"}],"curies":[{"name":"wp","href":"https:\/\/api.w.org\/{rel}","templated":true}]}}