{"id":7454,"date":"2020-03-25T10:24:58","date_gmt":"2020-03-25T09:24:58","guid":{"rendered":"http:\/\/agora.xtec.cat\/ceip-joanmiro-barcelona\/?p=7454"},"modified":"2020-07-09T18:10:27","modified_gmt":"2020-07-09T16:10:27","slug":"p3-descobreix-el-gel","status":"publish","type":"post","link":"https:\/\/agora.xtec.cat\/ceip-joanmiro-barcelona\/general\/p3-descobreix-el-gel\/","title":{"rendered":"P3 descobreix el gel"},"content":{"rendered":"<p>Per acomiadar-nos de l&#8217;estaci\u00f3 de l&#8217;hivern les Cabretes i els Llops ens vam animar a crear gel. Per aconseguir-ho vam fer diverses hip\u00f2tesis i les vam verificar tots plegats! La curiositat dels infants va convidar a fer experiments i a descobrir aix\u00ed les seves propietats i qualitats sensorials.<br \/>\nA m\u00e9s a m\u00e9s, a la fada de l&#8217;hivern li va fer molta il\u00b7lusi\u00f3 quan vam crear neu artificial! Va ser emocionant manipular i crear petits minimons abocant tota la imaginaci\u00f3. Vam gaudir molt!<\/p>\n<p>https:\/\/youtu.be\/cAmuGromr2g<\/p>\n","protected":false},"excerpt":{"rendered":"<p>Per acomiadar-nos de l&#8217;estaci\u00f3 de l&#8217;hivern les Cabretes i els Llops ens vam animar a crear gel. Per aconseguir-ho vam fer diverses hip\u00f2tesis i les vam verificar tots plegats! &hellip;  <a href=\"https:\/\/agora.xtec.cat\/ceip-joanmiro-barcelona\/general\/p3-descobreix-el-gel\/\" title=\"Read P3 descobreix el gel\">Llegeix m\u00e9s\u00bb<\/a><\/p>\n","protected":false},"author":1,"featured_media":7462,"comment_status":"open","ping_status":"closed","sticky":false,"template":"","format":"standard","meta":{"_bbp_topic_count":0,"_bbp_reply_count":0,"_bbp_total_topic_count":0,"_bbp_total_reply_count":0,"_bbp_voice_count":0,"_bbp_anonymous_reply_count":0,"_bbp_topic_count_hidden":0,"_bbp_reply_count_hidden":0,"_bbp_forum_subforum_count":0,"footnotes":""},"categories":[230,1,2],"tags":[187,188,198],"class_list":["post-7454","post","type-post","status-publish","format-standard","has-post-thumbnail","hentry","category-quart","category-general","category-infantil","tag-descoberta","tag-experimentacio","tag-llops-i-cabretes"],"post_mailing_queue_ids":[],"_links":{"self":[{"href":"https:\/\/agora.xtec.cat\/ceip-joanmiro-barcelona\/wp-json\/wp\/v2\/posts\/7454","targetHints":{"allow":["GET"]}}],"collection":[{"href":"https:\/\/agora.xtec.cat\/ceip-joanmiro-barcelona\/wp-json\/wp\/v2\/posts"}],"about":[{"href":"https:\/\/agora.xtec.cat\/ceip-joanmiro-barcelona\/wp-json\/wp\/v2\/types\/post"}],"author":[{"embeddable":true,"href":"https:\/\/agora.xtec.cat\/ceip-joanmiro-barcelona\/wp-json\/wp\/v2\/users\/1"}],"replies":[{"embeddable":true,"href":"https:\/\/agora.xtec.cat\/ceip-joanmiro-barcelona\/wp-json\/wp\/v2\/comments?post=7454"}],"version-history":[{"count":3,"href":"https:\/\/agora.xtec.cat\/ceip-joanmiro-barcelona\/wp-json\/wp\/v2\/posts\/7454\/revisions"}],"predecessor-version":[{"id":7464,"href":"https:\/\/agora.xtec.cat\/ceip-joanmiro-barcelona\/wp-json\/wp\/v2\/posts\/7454\/revisions\/7464"}],"wp:featuredmedia":[{"embeddable":true,"href":"https:\/\/agora.xtec.cat\/ceip-joanmiro-barcelona\/wp-json\/wp\/v2\/media\/7462"}],"wp:attachment":[{"href":"https:\/\/agora.xtec.cat\/ceip-joanmiro-barcelona\/wp-json\/wp\/v2\/media?parent=7454"}],"wp:term":[{"taxonomy":"category","embeddable":true,"href":"https:\/\/agora.xtec.cat\/ceip-joanmiro-barcelona\/wp-json\/wp\/v2\/categories?post=7454"},{"taxonomy":"post_tag","embeddable":true,"href":"https:\/\/agora.xtec.cat\/ceip-joanmiro-barcelona\/wp-json\/wp\/v2\/tags?post=7454"}],"curies":[{"name":"wp","href":"https:\/\/api.w.org\/{rel}","templated":true}]}}