{"id":7341,"date":"2020-03-18T18:58:46","date_gmt":"2020-03-18T17:58:46","guid":{"rendered":"http:\/\/agora.xtec.cat\/ceip-joanmiro-barcelona\/?p=7341"},"modified":"2020-05-11T21:17:24","modified_gmt":"2020-05-11T19:17:24","slug":"faqs-preguntes-frequents","status":"publish","type":"post","link":"https:\/\/agora.xtec.cat\/ceip-joanmiro-barcelona\/general\/faqs-preguntes-frequents\/","title":{"rendered":"FAQS Preguntes freq\u00fcents"},"content":{"rendered":"<p><a href=\"https:\/\/agora.xtec.cat\/ceip-joanmiro-barcelona\/portes-obertes-virtual\/ladaptacio-a-la-nova-escola\/\"><img loading=\"lazy\" decoding=\"async\" class=\"wp-image-7567 aligncenter\" src=\"https:\/\/agora.xtec.cat\/ceip-joanmiro-barcelona\/wp-content\/uploads\/usu741\/2020\/05\/faqs.jpg\" alt=\"\" width=\"723\" height=\"275\" srcset=\"https:\/\/agora.xtec.cat\/ceip-joanmiro-barcelona\/wp-content\/uploads\/usu741\/2020\/05\/faqs.jpg 820w, https:\/\/agora.xtec.cat\/ceip-joanmiro-barcelona\/wp-content\/uploads\/usu741\/2020\/05\/faqs-300x114.jpg 300w, https:\/\/agora.xtec.cat\/ceip-joanmiro-barcelona\/wp-content\/uploads\/usu741\/2020\/05\/faqs-768x292.jpg 768w\" sizes=\"auto, (max-width: 723px) 100vw, 723px\" \/><\/a><\/p>\n<h5 style=\"text-align: center;\">Clicant a la imatge anterior, podreu tenir resposta a les preguntes m\u00e9s freq\u00fcents<\/h5>\n<p>&nbsp;<\/p>\n<p><iframe loading=\"lazy\" src=\"https:\/\/prezi.com\/embed\/xckwf32zpfkm\/?bgcolor=ffffff&amp;lock_to_path=1&amp;autoplay=0&amp;autohide_ctrls=0&amp;landing_data=bHVZZmNaNDBIWnNjdEVENDRhZDFNZGNIUE43MHdLNWpsdFJLb2ZHanI0OFRKeEZoeHlSZmwyNVh4NHpsZStFdlNnPT0&amp;landing_sign=NkjvjscnbNX30-rNKktyYm6LfIbrxkXEFFrmREXbJaM\" width=\"640\" height=\"360\" frameborder=\"0\"><\/iframe><\/p>\n<p>En aquesta presentaci\u00f3 trobar\u00e0s tota la informaci\u00f3 sobre l&#8217;escola. Si encara tens dubtes pots comentar aquest article i habilitarem un apartat de preguntes freq\u00fcents.<\/p>\n<p>&nbsp;<\/p>\n<p><a href=\"https:\/\/www.edubcn.cat\/ca\/alumnat_i_familia\/informacio_general_matriculacio\/preguntes_frequents_preinscripcio\">Aqu\u00ed hi ha un recull de preguntes freq\u00fcents a la p\u00e0gina web del Consorci d&#8217;Educaci\u00f3<\/a><\/p>\n","protected":false},"excerpt":{"rendered":"<p><a href=\"https:\/\/agora.xtec.cat\/ceip-joanmiro-barcelona\/portes-obertes-virtual\/ladaptacio-a-la-nova-escola\/\"><\/a><br \/>\nClicant a la imatge anterior, podreu tenir resposta a les preguntes m\u00e9s freq\u00fcents<br \/>\n&nbsp;<\/p>\n<p>En aquesta presentaci\u00f3 trobar\u00e0s tota la informaci\u00f3 sobre l&#8217;escola. Si encara tens dubtes pots comentar aquest article i habilitarem un apartat de preguntes freq\u00fcents.<br \/>\n&nbsp;<br \/>\n<a href=\"https:\/\/www.edubcn.cat\/ca\/alumnat_i_familia\/informacio_general_matriculacio\/preguntes_frequents_preinscripcio\">Aqu\u00ed hi ha un recull de preguntes freq\u00fcents&hellip;  <a href=\"https:\/\/agora.xtec.cat\/ceip-joanmiro-barcelona\/general\/faqs-preguntes-frequents\/\" title=\"Read FAQS Preguntes freq\u00fcents\">Llegeix m\u00e9s\u00bb<\/a><\/p>\n","protected":false},"author":50,"featured_media":0,"comment_status":"open","ping_status":"closed","sticky":false,"template":"","format":"standard","meta":{"_bbp_topic_count":0,"_bbp_reply_count":0,"_bbp_total_topic_count":0,"_bbp_total_reply_count":0,"_bbp_voice_count":0,"_bbp_anonymous_reply_count":0,"_bbp_topic_count_hidden":0,"_bbp_reply_count_hidden":0,"_bbp_forum_subforum_count":0,"footnotes":""},"categories":[1],"tags":[],"class_list":["post-7341","post","type-post","status-publish","format-standard","hentry","category-general"],"post_mailing_queue_ids":[],"_links":{"self":[{"href":"https:\/\/agora.xtec.cat\/ceip-joanmiro-barcelona\/wp-json\/wp\/v2\/posts\/7341","targetHints":{"allow":["GET"]}}],"collection":[{"href":"https:\/\/agora.xtec.cat\/ceip-joanmiro-barcelona\/wp-json\/wp\/v2\/posts"}],"about":[{"href":"https:\/\/agora.xtec.cat\/ceip-joanmiro-barcelona\/wp-json\/wp\/v2\/types\/post"}],"author":[{"embeddable":true,"href":"https:\/\/agora.xtec.cat\/ceip-joanmiro-barcelona\/wp-json\/wp\/v2\/users\/50"}],"replies":[{"embeddable":true,"href":"https:\/\/agora.xtec.cat\/ceip-joanmiro-barcelona\/wp-json\/wp\/v2\/comments?post=7341"}],"version-history":[{"count":3,"href":"https:\/\/agora.xtec.cat\/ceip-joanmiro-barcelona\/wp-json\/wp\/v2\/posts\/7341\/revisions"}],"predecessor-version":[{"id":7574,"href":"https:\/\/agora.xtec.cat\/ceip-joanmiro-barcelona\/wp-json\/wp\/v2\/posts\/7341\/revisions\/7574"}],"wp:attachment":[{"href":"https:\/\/agora.xtec.cat\/ceip-joanmiro-barcelona\/wp-json\/wp\/v2\/media?parent=7341"}],"wp:term":[{"taxonomy":"category","embeddable":true,"href":"https:\/\/agora.xtec.cat\/ceip-joanmiro-barcelona\/wp-json\/wp\/v2\/categories?post=7341"},{"taxonomy":"post_tag","embeddable":true,"href":"https:\/\/agora.xtec.cat\/ceip-joanmiro-barcelona\/wp-json\/wp\/v2\/tags?post=7341"}],"curies":[{"name":"wp","href":"https:\/\/api.w.org\/{rel}","templated":true}]}}