{"id":733,"date":"2016-10-10T12:35:08","date_gmt":"2016-10-10T11:35:08","guid":{"rendered":"http:\/\/agora.xtec.cat\/ceip-joanmiro-barcelona\/?p=733"},"modified":"2016-10-17T15:35:09","modified_gmt":"2016-10-17T14:35:09","slug":"marxem-de-colonies","status":"publish","type":"post","link":"https:\/\/agora.xtec.cat\/ceip-joanmiro-barcelona\/primaria\/promocio2020\/marxem-de-colonies\/","title":{"rendered":"Marxem de col\u00f2nies"},"content":{"rendered":"<p style=\"text-align: justify;\">Del 19 al 21 d&#8217;octubre les classes de 3r marxem de col\u00f2nies a la Granja Escola El Ginebr\u00f3 de Vilopriu (Girona). Perqu\u00e8 tingueu una idea i sapigueu una mica m\u00e9s sobre el lloc on anem i les activitats que farem us deixem el lloc web de la granja escola i un v\u00eddeo resum.<\/p>\n<p style=\"text-align: justify;\"><a href=\"http:\/\/www.elginebro.com\/ca\/inici.aspx\"><img loading=\"lazy\" decoding=\"async\" class=\"aligncenter\" src=\"http:\/\/www.elginebro.com\/FitxersWeb\/521\/El%20Ginebr%C3%B3,%20es%20bo.png\" alt=\"El Ginebr\u00f3\" width=\"800\" height=\"530\" align=\"middle\" \/><\/a><\/p>\n","protected":false},"excerpt":{"rendered":"<p>Del 19 al 21 d&#8217;octubre les classes de 3r marxem de col\u00f2nies a la Granja Escola El Ginebr\u00f3 de Vilopriu (Girona). Perqu\u00e8 tingueu una idea i sapigueu una mica m\u00e9s sobre el lloc on anem i les activitats que farem us deixem el lloc web&hellip;  <a href=\"https:\/\/agora.xtec.cat\/ceip-joanmiro-barcelona\/primaria\/promocio2020\/marxem-de-colonies\/\" title=\"Read Marxem de col\u00f2nies\">Llegeix m\u00e9s\u00bb<\/a><\/p>\n","protected":false},"author":1,"featured_media":0,"comment_status":"open","ping_status":"open","sticky":false,"template":"","format":"standard","meta":{"_bbp_topic_count":0,"_bbp_reply_count":0,"_bbp_total_topic_count":0,"_bbp_total_reply_count":0,"_bbp_voice_count":0,"_bbp_anonymous_reply_count":0,"_bbp_topic_count_hidden":0,"_bbp_reply_count_hidden":0,"_bbp_forum_subforum_count":0,"footnotes":""},"categories":[12],"tags":[99,98],"class_list":["post-733","post","type-post","status-publish","format-standard","hentry","category-promocio2020","tag-egipcis-i-egipcies","tag-romans-i-romanes"],"post_mailing_queue_ids":[],"_links":{"self":[{"href":"https:\/\/agora.xtec.cat\/ceip-joanmiro-barcelona\/wp-json\/wp\/v2\/posts\/733","targetHints":{"allow":["GET"]}}],"collection":[{"href":"https:\/\/agora.xtec.cat\/ceip-joanmiro-barcelona\/wp-json\/wp\/v2\/posts"}],"about":[{"href":"https:\/\/agora.xtec.cat\/ceip-joanmiro-barcelona\/wp-json\/wp\/v2\/types\/post"}],"author":[{"embeddable":true,"href":"https:\/\/agora.xtec.cat\/ceip-joanmiro-barcelona\/wp-json\/wp\/v2\/users\/1"}],"replies":[{"embeddable":true,"href":"https:\/\/agora.xtec.cat\/ceip-joanmiro-barcelona\/wp-json\/wp\/v2\/comments?post=733"}],"version-history":[{"count":3,"href":"https:\/\/agora.xtec.cat\/ceip-joanmiro-barcelona\/wp-json\/wp\/v2\/posts\/733\/revisions"}],"predecessor-version":[{"id":772,"href":"https:\/\/agora.xtec.cat\/ceip-joanmiro-barcelona\/wp-json\/wp\/v2\/posts\/733\/revisions\/772"}],"wp:attachment":[{"href":"https:\/\/agora.xtec.cat\/ceip-joanmiro-barcelona\/wp-json\/wp\/v2\/media?parent=733"}],"wp:term":[{"taxonomy":"category","embeddable":true,"href":"https:\/\/agora.xtec.cat\/ceip-joanmiro-barcelona\/wp-json\/wp\/v2\/categories?post=733"},{"taxonomy":"post_tag","embeddable":true,"href":"https:\/\/agora.xtec.cat\/ceip-joanmiro-barcelona\/wp-json\/wp\/v2\/tags?post=733"}],"curies":[{"name":"wp","href":"https:\/\/api.w.org\/{rel}","templated":true}]}}