{"id":7169,"date":"2020-02-11T13:42:27","date_gmt":"2020-02-11T12:42:27","guid":{"rendered":"http:\/\/agora.xtec.cat\/ceip-joanmiro-barcelona\/?p=7169"},"modified":"2020-03-04T13:01:13","modified_gmt":"2020-03-04T12:01:13","slug":"avui-es-el-dia-dinternet-segura","status":"publish","type":"post","link":"https:\/\/agora.xtec.cat\/ceip-joanmiro-barcelona\/infantil\/avui-es-el-dia-dinternet-segura\/","title":{"rendered":"Avui \u00e9s el dia d&#8217;Internet Segura"},"content":{"rendered":"<p>Avui \u00e9s el dia d&#8217;<strong>Internet Segura<\/strong> i ho volem celebrar i compartir amb tots vosaltres. En el seg\u00fcent <a href=\"https:\/\/internetsegura.cat\/\">enlla\u00e7<\/a> hi ha la p\u00e0gina web on trobar\u00e0s informaci\u00f3, <a href=\"https:\/\/internetsegura.cat\/ciberaventura\/\">jocs<\/a> i <a href=\"https:\/\/internetsegura.cat\/habits-ciber-saludables\/videos\/?doing_wp_cron=1581424597.2045419216156005859375\">v\u00eddeos<\/a> molt interessants.<\/p>\n<p>Tamb\u00e9 volem compartir recursos que us serviran per prendre consci\u00e8ncia de la necessitat de ser uns bons usuaris:<\/p>\n<ul>\n<li><a href=\"http:\/\/xtec.gencat.cat\/web\/.content\/alfresco\/d\/d\/workspace\/SpacesStore\/0022\/7dc01557-34da-429a-b2c9-0be09b4b4491\/manual_bons_usos_digitals.pdf\">Manual de bons usos digitals<\/a><\/li>\n<li><a href=\"https:\/\/prezi.com\/gybpcqpzyjns\/manual-de-bons-usos-digitals\/\">Presentaci\u00f3 Prezi de bons usos digitals<\/a><\/li>\n<\/ul>\n<p>Aprofitem tamb\u00e9 en ensenyar-vos els h\u00e0bits -ciber- saludables per a tenir cura d&#8217;una bona dieta inform\u00e0tica.<\/p>\n<p><a href=\"https:\/\/agora.xtec.cat\/ceip-joanmiro-barcelona\/wp-content\/uploads\/usu741\/2020\/02\/H\u00c0BITS-CIBERSALUDABLES.png\"><img loading=\"lazy\" decoding=\"async\" class=\"size-large wp-image-7173 aligncenter\" src=\"https:\/\/agora.xtec.cat\/ceip-joanmiro-barcelona\/wp-content\/uploads\/usu741\/2020\/02\/H\u00c0BITS-CIBERSALUDABLES-410x1024.png\" alt=\"\" width=\"410\" height=\"1024\" srcset=\"https:\/\/agora.xtec.cat\/ceip-joanmiro-barcelona\/wp-content\/uploads\/usu741\/2020\/02\/H\u00c0BITS-CIBERSALUDABLES-410x1024.png 410w, https:\/\/agora.xtec.cat\/ceip-joanmiro-barcelona\/wp-content\/uploads\/usu741\/2020\/02\/H\u00c0BITS-CIBERSALUDABLES-120x300.png 120w, https:\/\/agora.xtec.cat\/ceip-joanmiro-barcelona\/wp-content\/uploads\/usu741\/2020\/02\/H\u00c0BITS-CIBERSALUDABLES-768x1920.png 768w, https:\/\/agora.xtec.cat\/ceip-joanmiro-barcelona\/wp-content\/uploads\/usu741\/2020\/02\/H\u00c0BITS-CIBERSALUDABLES.png 800w\" sizes=\"auto, (max-width: 410px) 100vw, 410px\" \/><\/a><\/p>\n<p><strong>QUE TINGUEU UNA BONA -CIBER- VETLLADA!<\/strong><\/p>\n","protected":false},"excerpt":{"rendered":"<p>Avui \u00e9s el dia d&#8217;Internet Segura i ho volem celebrar i compartir amb tots vosaltres.&hellip;  <a href=\"https:\/\/agora.xtec.cat\/ceip-joanmiro-barcelona\/infantil\/avui-es-el-dia-dinternet-segura\/\" title=\"Read Avui \u00e9s el dia d&#8217;Internet Segura\">Llegeix m\u00e9s\u00bb<\/a><\/p>\n","protected":false},"author":31,"featured_media":7170,"comment_status":"open","ping_status":"closed","sticky":false,"template":"","format":"standard","meta":{"_bbp_topic_count":0,"_bbp_reply_count":0,"_bbp_total_topic_count":0,"_bbp_total_reply_count":0,"_bbp_voice_count":0,"_bbp_anonymous_reply_count":0,"_bbp_topic_count_hidden":0,"_bbp_reply_count_hidden":0,"_bbp_forum_subforum_count":0,"footnotes":""},"categories":[2,5,12,11,10,9,8],"tags":[37,212,38,133],"class_list":["post-7169","post","type-post","status-publish","format-standard","has-post-thumbnail","hentry","category-infantil","category-primaria","category-promocio2020","category-promocio2021","category-promocio2022","category-promocio2023","category-promocio2024","tag-infantil","tag-internet-segura","tag-primaria","tag-tac"],"post_mailing_queue_ids":[],"_links":{"self":[{"href":"https:\/\/agora.xtec.cat\/ceip-joanmiro-barcelona\/wp-json\/wp\/v2\/posts\/7169","targetHints":{"allow":["GET"]}}],"collection":[{"href":"https:\/\/agora.xtec.cat\/ceip-joanmiro-barcelona\/wp-json\/wp\/v2\/posts"}],"about":[{"href":"https:\/\/agora.xtec.cat\/ceip-joanmiro-barcelona\/wp-json\/wp\/v2\/types\/post"}],"author":[{"embeddable":true,"href":"https:\/\/agora.xtec.cat\/ceip-joanmiro-barcelona\/wp-json\/wp\/v2\/users\/31"}],"replies":[{"embeddable":true,"href":"https:\/\/agora.xtec.cat\/ceip-joanmiro-barcelona\/wp-json\/wp\/v2\/comments?post=7169"}],"version-history":[{"count":1,"href":"https:\/\/agora.xtec.cat\/ceip-joanmiro-barcelona\/wp-json\/wp\/v2\/posts\/7169\/revisions"}],"predecessor-version":[{"id":7174,"href":"https:\/\/agora.xtec.cat\/ceip-joanmiro-barcelona\/wp-json\/wp\/v2\/posts\/7169\/revisions\/7174"}],"wp:featuredmedia":[{"embeddable":true,"href":"https:\/\/agora.xtec.cat\/ceip-joanmiro-barcelona\/wp-json\/wp\/v2\/media\/7170"}],"wp:attachment":[{"href":"https:\/\/agora.xtec.cat\/ceip-joanmiro-barcelona\/wp-json\/wp\/v2\/media?parent=7169"}],"wp:term":[{"taxonomy":"category","embeddable":true,"href":"https:\/\/agora.xtec.cat\/ceip-joanmiro-barcelona\/wp-json\/wp\/v2\/categories?post=7169"},{"taxonomy":"post_tag","embeddable":true,"href":"https:\/\/agora.xtec.cat\/ceip-joanmiro-barcelona\/wp-json\/wp\/v2\/tags?post=7169"}],"curies":[{"name":"wp","href":"https:\/\/api.w.org\/{rel}","templated":true}]}}