{"id":716,"date":"2016-10-02T19:41:16","date_gmt":"2016-10-02T18:41:16","guid":{"rendered":"http:\/\/agora.xtec.cat\/ceip-joanmiro-barcelona\/?p=716"},"modified":"2016-10-03T16:18:39","modified_gmt":"2016-10-03T15:18:39","slug":"que-us-agradaria-aprendre-a-2n","status":"publish","type":"post","link":"https:\/\/agora.xtec.cat\/ceip-joanmiro-barcelona\/general\/que-us-agradaria-aprendre-a-2n\/","title":{"rendered":"Qu\u00e8 us agradaria aprendre a 2n?"},"content":{"rendered":"<p>Qu\u00e8 en pensaran l&#8217;alumnat de Pol Nord, Fons Mar\u00ed i Sabana sobre l&#8217;escola Joan Mir\u00f3? Qu\u00e8 voldran aprendre aquest curs de 2n? En aquest v\u00eddeo sortim de dubtes.<\/p>\n<p>https:\/\/youtu.be\/bzQDSWBg148<\/p>\n","protected":false},"excerpt":{"rendered":"<p>Qu\u00e8 en pensaran l&#8217;alumnat de Pol Nord, Fons Mar\u00ed i Sabana sobre l&#8217;escola Joan Mir\u00f3? Qu\u00e8 voldran aprendre aquest curs de 2n? En aquest v\u00eddeo sortim de dubtes.<br \/>\nhttps:\/\/youtu.be\/bzQDSWBg148<\/p>\n","protected":false},"author":6,"featured_media":0,"comment_status":"open","ping_status":"open","sticky":false,"template":"","format":"standard","meta":{"_bbp_topic_count":0,"_bbp_reply_count":0,"_bbp_total_topic_count":0,"_bbp_total_reply_count":0,"_bbp_voice_count":0,"_bbp_anonymous_reply_count":0,"_bbp_topic_count_hidden":0,"_bbp_reply_count_hidden":0,"_bbp_forum_subforum_count":0,"footnotes":""},"categories":[1,5,11],"tags":[82,56,81],"class_list":["post-716","post","type-post","status-publish","format-standard","hentry","category-general","category-primaria","category-promocio2021","tag-fons-mari","tag-pol-nord","tag-sabana"],"post_mailing_queue_ids":[],"_links":{"self":[{"href":"https:\/\/agora.xtec.cat\/ceip-joanmiro-barcelona\/wp-json\/wp\/v2\/posts\/716","targetHints":{"allow":["GET"]}}],"collection":[{"href":"https:\/\/agora.xtec.cat\/ceip-joanmiro-barcelona\/wp-json\/wp\/v2\/posts"}],"about":[{"href":"https:\/\/agora.xtec.cat\/ceip-joanmiro-barcelona\/wp-json\/wp\/v2\/types\/post"}],"author":[{"embeddable":true,"href":"https:\/\/agora.xtec.cat\/ceip-joanmiro-barcelona\/wp-json\/wp\/v2\/users\/6"}],"replies":[{"embeddable":true,"href":"https:\/\/agora.xtec.cat\/ceip-joanmiro-barcelona\/wp-json\/wp\/v2\/comments?post=716"}],"version-history":[{"count":2,"href":"https:\/\/agora.xtec.cat\/ceip-joanmiro-barcelona\/wp-json\/wp\/v2\/posts\/716\/revisions"}],"predecessor-version":[{"id":718,"href":"https:\/\/agora.xtec.cat\/ceip-joanmiro-barcelona\/wp-json\/wp\/v2\/posts\/716\/revisions\/718"}],"wp:attachment":[{"href":"https:\/\/agora.xtec.cat\/ceip-joanmiro-barcelona\/wp-json\/wp\/v2\/media?parent=716"}],"wp:term":[{"taxonomy":"category","embeddable":true,"href":"https:\/\/agora.xtec.cat\/ceip-joanmiro-barcelona\/wp-json\/wp\/v2\/categories?post=716"},{"taxonomy":"post_tag","embeddable":true,"href":"https:\/\/agora.xtec.cat\/ceip-joanmiro-barcelona\/wp-json\/wp\/v2\/tags?post=716"}],"curies":[{"name":"wp","href":"https:\/\/api.w.org\/{rel}","templated":true}]}}