{"id":7012,"date":"2020-01-09T09:24:49","date_gmt":"2020-01-09T08:24:49","guid":{"rendered":"http:\/\/agora.xtec.cat\/ceip-joanmiro-barcelona\/?p=7012"},"modified":"2020-03-04T13:23:14","modified_gmt":"2020-03-04T12:23:14","slug":"espais-internivells-a-educacio-infantil","status":"publish","type":"post","link":"https:\/\/agora.xtec.cat\/ceip-joanmiro-barcelona\/general\/espais-internivells-a-educacio-infantil\/","title":{"rendered":"Espais internivells a Educaci\u00f3 Infantil"},"content":{"rendered":"<p>Ara que estem a punt d&#8217;acabar la primera ronda dels Espais Internivells, us presentem els sis espais que els infants de P4 i P5 han comen\u00e7at a compartir aquest curs les tardes dels dilluns i dels divendres.<\/p>\n<p>ESPAI DE LLUM:<br \/>\n<a href=\"https:\/\/agora.xtec.cat\/ceip-joanmiro-barcelona\/wp-content\/uploads\/usu741\/2020\/01\/fotos-internivells.jpg\"><img loading=\"lazy\" decoding=\"async\" class=\"alignnone size-large wp-image-7013\" src=\"https:\/\/agora.xtec.cat\/ceip-joanmiro-barcelona\/wp-content\/uploads\/usu741\/2020\/01\/fotos-internivells-1024x576.jpg\" alt=\"\" width=\"1024\" height=\"576\" srcset=\"https:\/\/agora.xtec.cat\/ceip-joanmiro-barcelona\/wp-content\/uploads\/usu741\/2020\/01\/fotos-internivells-1024x576.jpg 1024w, https:\/\/agora.xtec.cat\/ceip-joanmiro-barcelona\/wp-content\/uploads\/usu741\/2020\/01\/fotos-internivells-300x169.jpg 300w, https:\/\/agora.xtec.cat\/ceip-joanmiro-barcelona\/wp-content\/uploads\/usu741\/2020\/01\/fotos-internivells-768x432.jpg 768w, https:\/\/agora.xtec.cat\/ceip-joanmiro-barcelona\/wp-content\/uploads\/usu741\/2020\/01\/fotos-internivells.jpg 1280w\" sizes=\"auto, (max-width: 1024px) 100vw, 1024px\" \/><\/a><br \/>\nL\u2019Espai de llum \u00e9s un espai que es descobreix a trav\u00e9s dels sentits. Ofereix l\u2019oportunitat de jugar amb els colors, les transpar\u00e8ncies, les opacitats, les ombres\u2026 amb un ric i atractiu material (taules de llum, llanternes, material espec\u00edfic&#8230;) que anem variant al llarg de les sessions.\u00a0A trav\u00e9s del joc i l\u2019experimentaci\u00f3 lliure, els infants descobriran les propietats de la llum en un ambient relaxat i m\u00e0gic. Podran crear i imaginar un m\u00f3n diferent, llumin\u00f3s, sorprenent, est\u00e8tic, manipulatiu i sensorial. Tot un espectacle de llum!<\/p>\n<p>ESPAI D&#8217;ART:<br \/>\n<a href=\"https:\/\/agora.xtec.cat\/ceip-joanmiro-barcelona\/wp-content\/uploads\/usu741\/2020\/01\/Diapositiva2.jpg\"><img loading=\"lazy\" decoding=\"async\" class=\"alignnone size-large wp-image-7018\" src=\"https:\/\/agora.xtec.cat\/ceip-joanmiro-barcelona\/wp-content\/uploads\/usu741\/2020\/01\/Diapositiva2-1024x576.jpg\" alt=\"\" width=\"1024\" height=\"576\" srcset=\"https:\/\/agora.xtec.cat\/ceip-joanmiro-barcelona\/wp-content\/uploads\/usu741\/2020\/01\/Diapositiva2-1024x576.jpg 1024w, https:\/\/agora.xtec.cat\/ceip-joanmiro-barcelona\/wp-content\/uploads\/usu741\/2020\/01\/Diapositiva2-300x169.jpg 300w, https:\/\/agora.xtec.cat\/ceip-joanmiro-barcelona\/wp-content\/uploads\/usu741\/2020\/01\/Diapositiva2-768x432.jpg 768w, https:\/\/agora.xtec.cat\/ceip-joanmiro-barcelona\/wp-content\/uploads\/usu741\/2020\/01\/Diapositiva2.jpg 1280w\" sizes=\"auto, (max-width: 1024px) 100vw, 1024px\" \/><\/a><br \/>\nL&#8217;objectiu d&#8217;aquest espai \u00e9s apropar els infants al m\u00f3n de l&#8217;art. Els nens i nenes exploren i experimenten amb diferents materials per dur a terme el seu proc\u00e9s creatiu, a trav\u00e9s del qual expressen les seves emocions. Es fomenta la creativitat, la fantasia, l\u2019experimentaci\u00f3, l\u2019expressi\u00f3, l\u2019observaci\u00f3, la col\u00b7laboraci\u00f3 entre els infants, l\u2019autoestima i la responsabilitat en la neteja de l&#8217;espai. Es d\u00f3na import\u00e0ncia al proc\u00e9s de creaci\u00f3 de cada infant per sobre del resultat final, per tal que gaudeixin de l\u2019art pl\u00e0stic i el desenvolupin naturalment com a mitj\u00e0 per a la pr\u00f2pia expressi\u00f3.<\/p>\n<p>ESPAI D&#8217;EXPRESSI\u00d3 ORAL I CORPORAL:<br \/>\n<a href=\"https:\/\/agora.xtec.cat\/ceip-joanmiro-barcelona\/wp-content\/uploads\/usu741\/2020\/01\/Diapositiva3.jpg\"><img loading=\"lazy\" decoding=\"async\" class=\"alignnone size-large wp-image-7019\" src=\"https:\/\/agora.xtec.cat\/ceip-joanmiro-barcelona\/wp-content\/uploads\/usu741\/2020\/01\/Diapositiva3-1024x576.jpg\" alt=\"\" width=\"1024\" height=\"576\" srcset=\"https:\/\/agora.xtec.cat\/ceip-joanmiro-barcelona\/wp-content\/uploads\/usu741\/2020\/01\/Diapositiva3-1024x576.jpg 1024w, https:\/\/agora.xtec.cat\/ceip-joanmiro-barcelona\/wp-content\/uploads\/usu741\/2020\/01\/Diapositiva3-300x169.jpg 300w, https:\/\/agora.xtec.cat\/ceip-joanmiro-barcelona\/wp-content\/uploads\/usu741\/2020\/01\/Diapositiva3-768x432.jpg 768w, https:\/\/agora.xtec.cat\/ceip-joanmiro-barcelona\/wp-content\/uploads\/usu741\/2020\/01\/Diapositiva3.jpg 1280w\" sizes=\"auto, (max-width: 1024px) 100vw, 1024px\" \/><\/a><br \/>\nL&#8217;objectiu d&#8217;aquest espai \u00e9s potenciar la imaginaci\u00f3 i la creativitat, desenvolupant habilitats d&#8217;interacci\u00f3 social i refor\u00e7ant vincles a partir de l&#8217;expressi\u00f3 de viv\u00e8ncies i sentiments<span style=\"font-family: inherit; font-size: 1em;\">. Oferim diferents materials (disfresses, maquillatge, caretes,&#8230;) que els conviden a representar hist\u00f2ries i a fer volar la imaginaci\u00f3, a trav\u00e9s del diferents llenguatges.<\/span><\/p>\n<p>ESPAI DE L&#8217;HORT:<br \/>\n<a href=\"https:\/\/agora.xtec.cat\/ceip-joanmiro-barcelona\/wp-content\/uploads\/usu741\/2020\/01\/Diapositiva4.jpg\"><img loading=\"lazy\" decoding=\"async\" class=\"alignnone size-large wp-image-7020\" src=\"https:\/\/agora.xtec.cat\/ceip-joanmiro-barcelona\/wp-content\/uploads\/usu741\/2020\/01\/Diapositiva4-1024x576.jpg\" alt=\"\" width=\"1024\" height=\"576\" srcset=\"https:\/\/agora.xtec.cat\/ceip-joanmiro-barcelona\/wp-content\/uploads\/usu741\/2020\/01\/Diapositiva4-1024x576.jpg 1024w, https:\/\/agora.xtec.cat\/ceip-joanmiro-barcelona\/wp-content\/uploads\/usu741\/2020\/01\/Diapositiva4-300x169.jpg 300w, https:\/\/agora.xtec.cat\/ceip-joanmiro-barcelona\/wp-content\/uploads\/usu741\/2020\/01\/Diapositiva4-768x432.jpg 768w, https:\/\/agora.xtec.cat\/ceip-joanmiro-barcelona\/wp-content\/uploads\/usu741\/2020\/01\/Diapositiva4.jpg 1280w\" sizes=\"auto, (max-width: 1024px) 100vw, 1024px\" \/><\/a><br \/>\nPret\u00e9n ser un espai on els infants puguin acostar-se a la natura i con\u00e8ixer diferents fruites i hortalisses, aix\u00ed com plantes arom\u00e0tiques i arbres. \u00c9s un espai per aprendre a valorar els recursos naturals que tenim i prendre una mica de consci\u00e8ncia sobre l\u2019ecologisme i la import\u00e0ncia del medi ambient. En aquests tallers pretenem tornar a activar l\u2019hort, conrear i cuidar les diferents plantes que hi plantem i con\u00e8ixer les seves propietats i beneficis.<\/p>\n<p>ESPAI DE JOC SIMB\u00d2LIC (CASETES, MINIMONS I PECES SOLTES):<br \/>\n<a href=\"https:\/\/agora.xtec.cat\/ceip-joanmiro-barcelona\/wp-content\/uploads\/usu741\/2020\/01\/Diapositiva5.jpg\"><img loading=\"lazy\" decoding=\"async\" class=\"alignnone size-large wp-image-7021\" src=\"https:\/\/agora.xtec.cat\/ceip-joanmiro-barcelona\/wp-content\/uploads\/usu741\/2020\/01\/Diapositiva5-1024x576.jpg\" alt=\"\" width=\"1024\" height=\"576\" srcset=\"https:\/\/agora.xtec.cat\/ceip-joanmiro-barcelona\/wp-content\/uploads\/usu741\/2020\/01\/Diapositiva5-1024x576.jpg 1024w, https:\/\/agora.xtec.cat\/ceip-joanmiro-barcelona\/wp-content\/uploads\/usu741\/2020\/01\/Diapositiva5-300x169.jpg 300w, https:\/\/agora.xtec.cat\/ceip-joanmiro-barcelona\/wp-content\/uploads\/usu741\/2020\/01\/Diapositiva5-768x432.jpg 768w, https:\/\/agora.xtec.cat\/ceip-joanmiro-barcelona\/wp-content\/uploads\/usu741\/2020\/01\/Diapositiva5.jpg 1280w\" sizes=\"auto, (max-width: 1024px) 100vw, 1024px\" \/><\/a><br \/>\n\u00c9s un espai de joc lliure no estructurat: els infants juguen de forma espont\u00e0nia i aut\u00f2noma seguint la seva iniciativa personal. Durant el joc a les casetes els nens i les nenes recreen situacions de la vida adulta, aprofundint en moments i fets significatius per a ells i elles des del joc lliure i imaginatiu. En l&#8217;espai de mini mons i peces soltes s&#8217;ofereixen materials que no estan destinats a una finalitat concreta (blocs de fusta, pedres, nins, taps, pals, anelles, pinyes, petxines&#8230;), s\u00f3n materials que permeten moltes possibilitats de joc diferents i on els infants poden desenvolupar amb total llibertat la seva creativitat i imaginaci\u00f3.<\/p>\n<p>ESPAI DE CI\u00c8NCIA:<br \/>\n<a href=\"https:\/\/agora.xtec.cat\/ceip-joanmiro-barcelona\/wp-content\/uploads\/usu741\/2020\/01\/Diapositiva6.jpg\"><img loading=\"lazy\" decoding=\"async\" class=\"alignnone size-large wp-image-7022\" src=\"https:\/\/agora.xtec.cat\/ceip-joanmiro-barcelona\/wp-content\/uploads\/usu741\/2020\/01\/Diapositiva6-1024x576.jpg\" alt=\"\" width=\"1024\" height=\"576\" srcset=\"https:\/\/agora.xtec.cat\/ceip-joanmiro-barcelona\/wp-content\/uploads\/usu741\/2020\/01\/Diapositiva6-1024x576.jpg 1024w, https:\/\/agora.xtec.cat\/ceip-joanmiro-barcelona\/wp-content\/uploads\/usu741\/2020\/01\/Diapositiva6-300x169.jpg 300w, https:\/\/agora.xtec.cat\/ceip-joanmiro-barcelona\/wp-content\/uploads\/usu741\/2020\/01\/Diapositiva6-768x432.jpg 768w, https:\/\/agora.xtec.cat\/ceip-joanmiro-barcelona\/wp-content\/uploads\/usu741\/2020\/01\/Diapositiva6.jpg 1280w\" sizes=\"auto, (max-width: 1024px) 100vw, 1024px\" \/><\/a><br \/>\n\u00c9s un espai preparat amb la intenci\u00f3 de provocar que els infants explorin diferents terrenys de la ci\u00e8ncia (pes i equilibri, moviment i despla\u00e7ament, flotaci\u00f3, magnetisme, barreges i dissolucions,&#8230;), es plantegin preguntes a partir de la manipulaci\u00f3 dels materials i sentin la necessitat d&#8217;experimentar per contrastar les seves teories. D&#8217;aquesta manera, el seu raonament i la seva comprensi\u00f3 del m\u00f3n s&#8217;aniran acostant cada vegada m\u00e9s al pensament cient\u00edfic. \u00c9s en aquest cam\u00ed que pot sorgir la necessitat d\u2019utilitzar instruments de mesura, per recollir informaci\u00f3 objectiva de l\u2019entorn, i de buscar sistemes de representaci\u00f3, per poder comparar resultats i arribar a entendre millor el m\u00f3n en qu\u00e8 viuen.<\/p>\n","protected":false},"excerpt":{"rendered":"<p>Ara que estem a punt d&#8217;acabar la primera ronda dels Espais Internivells, us presentem els sis espais que els infants de P4 i P5 han comen\u00e7at a compartir aquest curs les tardes dels dilluns i dels divendres.&hellip;  <a href=\"https:\/\/agora.xtec.cat\/ceip-joanmiro-barcelona\/general\/espais-internivells-a-educacio-infantil\/\" title=\"Read Espais internivells a Educaci\u00f3 Infantil\">Llegeix m\u00e9s\u00bb<\/a><\/p>\n","protected":false},"author":1,"featured_media":7143,"comment_status":"open","ping_status":"closed","sticky":false,"template":"","format":"standard","meta":{"_bbp_topic_count":0,"_bbp_reply_count":0,"_bbp_total_topic_count":0,"_bbp_total_reply_count":0,"_bbp_voice_count":0,"_bbp_anonymous_reply_count":0,"_bbp_topic_count_hidden":0,"_bbp_reply_count_hidden":0,"_bbp_forum_subforum_count":0,"footnotes":""},"categories":[177,150,1,2,4],"tags":[179,195,178,203],"class_list":["post-7012","post","type-post","status-publish","format-standard","has-post-thumbnail","hentry","category-cinque","category-sise","category-general","category-infantil","category-portada","tag-abelles","tag-brillantina-i-llumetes-de-colors","tag-formigues","tag-internivells"],"post_mailing_queue_ids":[],"_links":{"self":[{"href":"https:\/\/agora.xtec.cat\/ceip-joanmiro-barcelona\/wp-json\/wp\/v2\/posts\/7012","targetHints":{"allow":["GET"]}}],"collection":[{"href":"https:\/\/agora.xtec.cat\/ceip-joanmiro-barcelona\/wp-json\/wp\/v2\/posts"}],"about":[{"href":"https:\/\/agora.xtec.cat\/ceip-joanmiro-barcelona\/wp-json\/wp\/v2\/types\/post"}],"author":[{"embeddable":true,"href":"https:\/\/agora.xtec.cat\/ceip-joanmiro-barcelona\/wp-json\/wp\/v2\/users\/1"}],"replies":[{"embeddable":true,"href":"https:\/\/agora.xtec.cat\/ceip-joanmiro-barcelona\/wp-json\/wp\/v2\/comments?post=7012"}],"version-history":[{"count":4,"href":"https:\/\/agora.xtec.cat\/ceip-joanmiro-barcelona\/wp-json\/wp\/v2\/posts\/7012\/revisions"}],"predecessor-version":[{"id":7281,"href":"https:\/\/agora.xtec.cat\/ceip-joanmiro-barcelona\/wp-json\/wp\/v2\/posts\/7012\/revisions\/7281"}],"wp:featuredmedia":[{"embeddable":true,"href":"https:\/\/agora.xtec.cat\/ceip-joanmiro-barcelona\/wp-json\/wp\/v2\/media\/7143"}],"wp:attachment":[{"href":"https:\/\/agora.xtec.cat\/ceip-joanmiro-barcelona\/wp-json\/wp\/v2\/media?parent=7012"}],"wp:term":[{"taxonomy":"category","embeddable":true,"href":"https:\/\/agora.xtec.cat\/ceip-joanmiro-barcelona\/wp-json\/wp\/v2\/categories?post=7012"},{"taxonomy":"post_tag","embeddable":true,"href":"https:\/\/agora.xtec.cat\/ceip-joanmiro-barcelona\/wp-json\/wp\/v2\/tags?post=7012"}],"curies":[{"name":"wp","href":"https:\/\/api.w.org\/{rel}","templated":true}]}}