{"id":6918,"date":"2019-12-03T08:24:59","date_gmt":"2019-12-03T07:24:59","guid":{"rendered":"http:\/\/agora.xtec.cat\/ceip-joanmiro-barcelona\/?p=6918"},"modified":"2020-03-04T13:09:58","modified_gmt":"2020-03-04T12:09:58","slug":"educacio-viaria-a-p5-2","status":"publish","type":"post","link":"https:\/\/agora.xtec.cat\/ceip-joanmiro-barcelona\/infantil\/educacio-viaria-a-p5-2\/","title":{"rendered":"Educaci\u00f3 vi\u00e0ria a P5"},"content":{"rendered":"<p>El dimecres 20 de novembre Brillantina i Llumetes de colors vam rebre la visita de la Gu\u00e0rdia Urbana. A part d&#8217;ajudar-nos a entendre m\u00e9s la seva professi\u00f3 i recordar-nos les normes vi\u00e0ries a tenir en compte quan ens movem per la ciutat, ens va donar molt bons consells de com actuar si ens perdem en un barri desconegut.<\/p>\n<p>https:\/\/youtu.be\/7XDrGsqtHtU<\/p>\n","protected":false},"excerpt":{"rendered":"<p>El dimecres 20 de novembre Brillantina i Llumetes de colors vam rebre la visita de la Gu\u00e0rdia Urbana. A part d&#8217;ajudar-nos a entendre m\u00e9s la seva professi\u00f3 i recordar-nos les normes vi\u00e0ries a tenir en compte quan ens movem per la ciutat, ens va donar&hellip;  <a href=\"https:\/\/agora.xtec.cat\/ceip-joanmiro-barcelona\/infantil\/educacio-viaria-a-p5-2\/\" title=\"Read Educaci\u00f3 vi\u00e0ria a P5\">Llegeix m\u00e9s\u00bb<\/a><\/p>\n","protected":false},"author":1,"featured_media":6940,"comment_status":"open","ping_status":"closed","sticky":false,"template":"","format":"standard","meta":{"_bbp_topic_count":0,"_bbp_reply_count":0,"_bbp_total_topic_count":0,"_bbp_total_reply_count":0,"_bbp_voice_count":0,"_bbp_anonymous_reply_count":0,"_bbp_topic_count_hidden":0,"_bbp_reply_count_hidden":0,"_bbp_forum_subforum_count":0,"footnotes":""},"categories":[150,2],"tags":[195,146],"class_list":["post-6918","post","type-post","status-publish","format-standard","has-post-thumbnail","hentry","category-sise","category-infantil","tag-brillantina-i-llumetes-de-colors","tag-educacio-viaria"],"post_mailing_queue_ids":[],"_links":{"self":[{"href":"https:\/\/agora.xtec.cat\/ceip-joanmiro-barcelona\/wp-json\/wp\/v2\/posts\/6918","targetHints":{"allow":["GET"]}}],"collection":[{"href":"https:\/\/agora.xtec.cat\/ceip-joanmiro-barcelona\/wp-json\/wp\/v2\/posts"}],"about":[{"href":"https:\/\/agora.xtec.cat\/ceip-joanmiro-barcelona\/wp-json\/wp\/v2\/types\/post"}],"author":[{"embeddable":true,"href":"https:\/\/agora.xtec.cat\/ceip-joanmiro-barcelona\/wp-json\/wp\/v2\/users\/1"}],"replies":[{"embeddable":true,"href":"https:\/\/agora.xtec.cat\/ceip-joanmiro-barcelona\/wp-json\/wp\/v2\/comments?post=6918"}],"version-history":[{"count":3,"href":"https:\/\/agora.xtec.cat\/ceip-joanmiro-barcelona\/wp-json\/wp\/v2\/posts\/6918\/revisions"}],"predecessor-version":[{"id":6939,"href":"https:\/\/agora.xtec.cat\/ceip-joanmiro-barcelona\/wp-json\/wp\/v2\/posts\/6918\/revisions\/6939"}],"wp:featuredmedia":[{"embeddable":true,"href":"https:\/\/agora.xtec.cat\/ceip-joanmiro-barcelona\/wp-json\/wp\/v2\/media\/6940"}],"wp:attachment":[{"href":"https:\/\/agora.xtec.cat\/ceip-joanmiro-barcelona\/wp-json\/wp\/v2\/media?parent=6918"}],"wp:term":[{"taxonomy":"category","embeddable":true,"href":"https:\/\/agora.xtec.cat\/ceip-joanmiro-barcelona\/wp-json\/wp\/v2\/categories?post=6918"},{"taxonomy":"post_tag","embeddable":true,"href":"https:\/\/agora.xtec.cat\/ceip-joanmiro-barcelona\/wp-json\/wp\/v2\/tags?post=6918"}],"curies":[{"name":"wp","href":"https:\/\/api.w.org\/{rel}","templated":true}]}}