{"id":6651,"date":"2019-11-07T14:05:42","date_gmt":"2019-11-07T13:05:42","guid":{"rendered":"http:\/\/agora.xtec.cat\/ceip-joanmiro-barcelona\/?p=6651"},"modified":"2019-11-07T14:05:42","modified_gmt":"2019-11-07T13:05:42","slug":"brillantina-i-llumetes-aprenen-matematica-fent-panellets","status":"publish","type":"post","link":"https:\/\/agora.xtec.cat\/ceip-joanmiro-barcelona\/general\/brillantina-i-llumetes-aprenen-matematica-fent-panellets\/","title":{"rendered":"Brillantina i Llumetes aprenen matem\u00e0tica fent panellets!"},"content":{"rendered":"<p>Per celebrar la Castanyada, Brillantina i Llumetes de colors han fet els tradicionals panellets, per\u00f2 aquest any, perqu\u00e8 sortissin millor que mai, ho han fet seguint les quantitats indicades en una recepta. El problema \u00e9s que la recepta especificava les quantitats per a 4 persones i en cada mig grup, on es plantejava el repte, eren 12!<\/p>\n<p>Hem aprofitat l&#8217;aparici\u00f3 de nombres de tres xifres per oferir-los una primera experi\u00e8ncia amb la descomposici\u00f3 en base 10 i la suma separada d&#8217;unitats, desenes i centenes. Com que la recepta que hem seguit utilitza unitats convencionals (grams), els ha calgut utilitzar un instrument de mesura espec\u00edfic: la balan\u00e7a. <span style=\"font-family: inherit; font-size: 1em;\">Cada<\/span><span style=\"font-weight: 400;\"> equip de 4 infants ha elaborat la seva massa, pesant la quantitat necess\u00e0ria de cada ingredient abans de fer la barreja, assegurant-se que abans de comen\u00e7ar la balan\u00e7a estigu\u00e9s en el 0 i mirant de no recolzar-s&#8217;hi per no distorsionar el pes real dels ingredients! Podr\u00edem seguir parlant de noci\u00f3 de fracci\u00f3 o de formes geom\u00e8triques, per\u00f2 millor us deixem amb el v\u00eddeo, que ja us hem fet prou <em>spoilers<\/em>!!!<\/span><\/p>\n<p><span style=\"font-weight: 400;\">Amb aquest taller els infants, a m\u00e9s d&#8217;experimentar com es transformen els materials amb la barreja i la manipulaci\u00f3 i a m\u00e9s de sentir-se part activa d&#8217;una tradici\u00f3 cultural, han viscut com \u00e9s d&#8217;important la matem\u00e0tica a la vida quotidiana per garantir que les coses surtin b\u00e9!<\/span><\/p>\n<p>PS: La m\u00fasica del v\u00eddeo no comen\u00e7a a sonar fins que no comencen a elaborar el massap\u00e0 (avisem perqu\u00e8 no us agafi per sorpresa!).<\/p>\n<p>https:\/\/youtu.be\/Lv6uXKPpYUs<\/p>\n","protected":false},"excerpt":{"rendered":"<p>Per celebrar la Castanyada, Brillantina i Llumetes de colors han fet els tradicionals panellets, per\u00f2 aquest any, perqu\u00e8 sortissin millor que mai, ho han fet seguint les quantitats indicades en una recepta. El problema \u00e9s que la recepta especificava les quantitats per a 4 persones&hellip;  <a href=\"https:\/\/agora.xtec.cat\/ceip-joanmiro-barcelona\/general\/brillantina-i-llumetes-aprenen-matematica-fent-panellets\/\" title=\"Read Brillantina i Llumetes aprenen matem\u00e0tica fent panellets!\">Llegeix m\u00e9s\u00bb<\/a><\/p>\n","protected":false},"author":1,"featured_media":6683,"comment_status":"open","ping_status":"closed","sticky":false,"template":"","format":"standard","meta":{"_bbp_topic_count":0,"_bbp_reply_count":0,"_bbp_total_topic_count":0,"_bbp_total_reply_count":0,"_bbp_voice_count":0,"_bbp_anonymous_reply_count":0,"_bbp_topic_count_hidden":0,"_bbp_reply_count_hidden":0,"_bbp_forum_subforum_count":0,"footnotes":""},"categories":[150,1,2,4],"tags":[195,197,200],"class_list":["post-6651","post","type-post","status-publish","format-standard","has-post-thumbnail","hentry","category-sise","category-general","category-infantil","category-portada","tag-brillantina-i-llumetes-de-colors","tag-castanyada","tag-matematiques"],"post_mailing_queue_ids":[],"_links":{"self":[{"href":"https:\/\/agora.xtec.cat\/ceip-joanmiro-barcelona\/wp-json\/wp\/v2\/posts\/6651","targetHints":{"allow":["GET"]}}],"collection":[{"href":"https:\/\/agora.xtec.cat\/ceip-joanmiro-barcelona\/wp-json\/wp\/v2\/posts"}],"about":[{"href":"https:\/\/agora.xtec.cat\/ceip-joanmiro-barcelona\/wp-json\/wp\/v2\/types\/post"}],"author":[{"embeddable":true,"href":"https:\/\/agora.xtec.cat\/ceip-joanmiro-barcelona\/wp-json\/wp\/v2\/users\/1"}],"replies":[{"embeddable":true,"href":"https:\/\/agora.xtec.cat\/ceip-joanmiro-barcelona\/wp-json\/wp\/v2\/comments?post=6651"}],"version-history":[{"count":3,"href":"https:\/\/agora.xtec.cat\/ceip-joanmiro-barcelona\/wp-json\/wp\/v2\/posts\/6651\/revisions"}],"predecessor-version":[{"id":6684,"href":"https:\/\/agora.xtec.cat\/ceip-joanmiro-barcelona\/wp-json\/wp\/v2\/posts\/6651\/revisions\/6684"}],"wp:featuredmedia":[{"embeddable":true,"href":"https:\/\/agora.xtec.cat\/ceip-joanmiro-barcelona\/wp-json\/wp\/v2\/media\/6683"}],"wp:attachment":[{"href":"https:\/\/agora.xtec.cat\/ceip-joanmiro-barcelona\/wp-json\/wp\/v2\/media?parent=6651"}],"wp:term":[{"taxonomy":"category","embeddable":true,"href":"https:\/\/agora.xtec.cat\/ceip-joanmiro-barcelona\/wp-json\/wp\/v2\/categories?post=6651"},{"taxonomy":"post_tag","embeddable":true,"href":"https:\/\/agora.xtec.cat\/ceip-joanmiro-barcelona\/wp-json\/wp\/v2\/tags?post=6651"}],"curies":[{"name":"wp","href":"https:\/\/api.w.org\/{rel}","templated":true}]}}