{"id":6627,"date":"2019-11-04T19:32:49","date_gmt":"2019-11-04T18:32:49","guid":{"rendered":"http:\/\/agora.xtec.cat\/ceip-joanmiro-barcelona\/?p=6627"},"modified":"2020-07-09T18:14:11","modified_gmt":"2020-07-09T16:14:11","slug":"primeres-experiencies-a-lescola-de-llops-i-cabretes","status":"publish","type":"post","link":"https:\/\/agora.xtec.cat\/ceip-joanmiro-barcelona\/general\/primeres-experiencies-a-lescola-de-llops-i-cabretes\/","title":{"rendered":"Primeres experi\u00e8ncies a l&#8217;escola de Llops i Cabretes"},"content":{"rendered":"<p>Atenci\u00f3 fam\u00edlies de P3!\u00a0 Aqu\u00ed teniu el v\u00eddeo que us vam passar a la reuni\u00f3 d&#8217;inici de curs, perqu\u00e8 us el pugueu mirar amb els vostres fills i filles i revisqueu junts cada moment.<\/p>\n<p>https:\/\/youtu.be\/LYGrT5hHKmM<\/p>\n","protected":false},"excerpt":{"rendered":"<p>Atenci\u00f3 fam\u00edlies de P3!\u00a0 Aqu\u00ed teniu el v\u00eddeo que us vam passar a la reuni\u00f3 d&#8217;inici de curs, perqu\u00e8 us el pugueu mirar amb els vostres fills i filles i revisqueu junts cada moment.<br \/>\nhttps:\/\/youtu.be\/LYGrT5hHKmM<\/p>\n","protected":false},"author":1,"featured_media":6662,"comment_status":"open","ping_status":"closed","sticky":false,"template":"","format":"standard","meta":{"_bbp_topic_count":0,"_bbp_reply_count":0,"_bbp_total_topic_count":0,"_bbp_total_reply_count":0,"_bbp_voice_count":0,"_bbp_anonymous_reply_count":0,"_bbp_topic_count_hidden":0,"_bbp_reply_count_hidden":0,"_bbp_forum_subforum_count":0,"footnotes":""},"categories":[230,1,2,4],"tags":[194,198],"class_list":["post-6627","post","type-post","status-publish","format-standard","has-post-thumbnail","hentry","category-quart","category-general","category-infantil","category-portada","tag-inici-de-curs","tag-llops-i-cabretes"],"post_mailing_queue_ids":[],"_links":{"self":[{"href":"https:\/\/agora.xtec.cat\/ceip-joanmiro-barcelona\/wp-json\/wp\/v2\/posts\/6627","targetHints":{"allow":["GET"]}}],"collection":[{"href":"https:\/\/agora.xtec.cat\/ceip-joanmiro-barcelona\/wp-json\/wp\/v2\/posts"}],"about":[{"href":"https:\/\/agora.xtec.cat\/ceip-joanmiro-barcelona\/wp-json\/wp\/v2\/types\/post"}],"author":[{"embeddable":true,"href":"https:\/\/agora.xtec.cat\/ceip-joanmiro-barcelona\/wp-json\/wp\/v2\/users\/1"}],"replies":[{"embeddable":true,"href":"https:\/\/agora.xtec.cat\/ceip-joanmiro-barcelona\/wp-json\/wp\/v2\/comments?post=6627"}],"version-history":[{"count":3,"href":"https:\/\/agora.xtec.cat\/ceip-joanmiro-barcelona\/wp-json\/wp\/v2\/posts\/6627\/revisions"}],"predecessor-version":[{"id":6629,"href":"https:\/\/agora.xtec.cat\/ceip-joanmiro-barcelona\/wp-json\/wp\/v2\/posts\/6627\/revisions\/6629"}],"wp:featuredmedia":[{"embeddable":true,"href":"https:\/\/agora.xtec.cat\/ceip-joanmiro-barcelona\/wp-json\/wp\/v2\/media\/6662"}],"wp:attachment":[{"href":"https:\/\/agora.xtec.cat\/ceip-joanmiro-barcelona\/wp-json\/wp\/v2\/media?parent=6627"}],"wp:term":[{"taxonomy":"category","embeddable":true,"href":"https:\/\/agora.xtec.cat\/ceip-joanmiro-barcelona\/wp-json\/wp\/v2\/categories?post=6627"},{"taxonomy":"post_tag","embeddable":true,"href":"https:\/\/agora.xtec.cat\/ceip-joanmiro-barcelona\/wp-json\/wp\/v2\/tags?post=6627"}],"curies":[{"name":"wp","href":"https:\/\/api.w.org\/{rel}","templated":true}]}}