{"id":660,"date":"2016-09-28T09:39:22","date_gmt":"2016-09-28T08:39:22","guid":{"rendered":"http:\/\/agora.xtec.cat\/ceip-joanmiro-barcelona\/?p=660"},"modified":"2016-11-18T20:03:22","modified_gmt":"2016-11-18T19:03:22","slug":"som-una-escola-coeducadora","status":"publish","type":"post","link":"https:\/\/agora.xtec.cat\/ceip-joanmiro-barcelona\/general\/som-una-escola-coeducadora\/","title":{"rendered":"Som una escola coeducadora"},"content":{"rendered":"<p><strong>El curs passat vam iniciar una introducci\u00f3 de la perspectiva de g\u00e8nere en l\u2019acci\u00f3 educativa.<\/strong><\/p>\n<p>https:\/\/www.youtube.com\/watch?v=_TA0QHtKZ1c&#038;feature=youtu.be<\/p>\n<p><!--more-->Durant la formaci\u00f3 vam fomentar la presa de consci\u00e8ncia sobre la desigual socialitzaci\u00f3 que reben nens i nenes, i vam donar algunes claus per educar amb perspectiva de g\u00e8nere. Al mateix temps vam posar al centre de l\u2019aula valors considerats femenins com la cura, la cooperaci\u00f3, o l\u2019expressi\u00f3 de les emocions, i ens van dotar al professorat de recursos i estrat\u00e8gies concretes per coeducar, des de l\u2019aula al pati, a trav\u00e9s de contes i festes tradicionals.<\/p>\n<p>Aquest projecte \u00e9s de tota la comunitat educativa: xerrades per a les fam\u00edlies, formaci\u00f3 per al professorat i tallers i actuacions amb l&#8217;alumnat. Aquest curs continuarem treballant plegats amb\u00a0 <a href=\"http:\/\/www.filalagulla.org\/\">Fil a l&#8217;agulla<\/a>, <a href=\"http:\/\/www.coeducaccio.com\/\">CoeducAcci\u00f3<\/a>, CreArt i <a href=\"http:\/\/cameresiaccio.org\/\">C\u00e0meresiAcci\u00f3<\/a>\u00a0 per repensar i transformar el pati de l&#8217;escola.<\/p>\n<p>&nbsp;<\/p>\n","protected":false},"excerpt":{"rendered":"<p>&hellip;  <a href=\"https:\/\/agora.xtec.cat\/ceip-joanmiro-barcelona\/general\/som-una-escola-coeducadora\/\" title=\"Read Som una escola coeducadora\">Llegeix m\u00e9s\u00bb<\/a><\/p>\n","protected":false},"author":1,"featured_media":0,"comment_status":"open","ping_status":"open","sticky":false,"template":"","format":"standard","meta":{"_bbp_topic_count":0,"_bbp_reply_count":0,"_bbp_total_topic_count":0,"_bbp_total_reply_count":0,"_bbp_voice_count":0,"_bbp_anonymous_reply_count":0,"_bbp_topic_count_hidden":0,"_bbp_reply_count_hidden":0,"_bbp_forum_subforum_count":0,"footnotes":""},"categories":[7,1,2,4,5],"tags":[36,85],"class_list":["post-660","post","type-post","status-publish","format-standard","hentry","category-afa","category-general","category-infantil","category-portada","category-primaria","tag-coeducacio","tag-valors"],"post_mailing_queue_ids":[],"_links":{"self":[{"href":"https:\/\/agora.xtec.cat\/ceip-joanmiro-barcelona\/wp-json\/wp\/v2\/posts\/660","targetHints":{"allow":["GET"]}}],"collection":[{"href":"https:\/\/agora.xtec.cat\/ceip-joanmiro-barcelona\/wp-json\/wp\/v2\/posts"}],"about":[{"href":"https:\/\/agora.xtec.cat\/ceip-joanmiro-barcelona\/wp-json\/wp\/v2\/types\/post"}],"author":[{"embeddable":true,"href":"https:\/\/agora.xtec.cat\/ceip-joanmiro-barcelona\/wp-json\/wp\/v2\/users\/1"}],"replies":[{"embeddable":true,"href":"https:\/\/agora.xtec.cat\/ceip-joanmiro-barcelona\/wp-json\/wp\/v2\/comments?post=660"}],"version-history":[{"count":3,"href":"https:\/\/agora.xtec.cat\/ceip-joanmiro-barcelona\/wp-json\/wp\/v2\/posts\/660\/revisions"}],"predecessor-version":[{"id":1117,"href":"https:\/\/agora.xtec.cat\/ceip-joanmiro-barcelona\/wp-json\/wp\/v2\/posts\/660\/revisions\/1117"}],"wp:attachment":[{"href":"https:\/\/agora.xtec.cat\/ceip-joanmiro-barcelona\/wp-json\/wp\/v2\/media?parent=660"}],"wp:term":[{"taxonomy":"category","embeddable":true,"href":"https:\/\/agora.xtec.cat\/ceip-joanmiro-barcelona\/wp-json\/wp\/v2\/categories?post=660"},{"taxonomy":"post_tag","embeddable":true,"href":"https:\/\/agora.xtec.cat\/ceip-joanmiro-barcelona\/wp-json\/wp\/v2\/tags?post=660"}],"curies":[{"name":"wp","href":"https:\/\/api.w.org\/{rel}","templated":true}]}}