{"id":6319,"date":"2019-10-14T13:42:13","date_gmt":"2019-10-14T11:42:13","guid":{"rendered":"http:\/\/agora.xtec.cat\/ceip-joanmiro-barcelona\/?p=6319"},"modified":"2019-12-01T10:58:40","modified_gmt":"2019-12-01T09:58:40","slug":"gracies-families-de-p5","status":"publish","type":"post","link":"https:\/\/agora.xtec.cat\/ceip-joanmiro-barcelona\/general\/gracies-families-de-p5\/","title":{"rendered":"Gr\u00e0cies, fam\u00edlies de P5!"},"content":{"rendered":"<p>Gr\u00e0cies per les precioses mandales que vau crear per als vostres fills i filles i gr\u00e0cies pel regal d&#8217;amor que vau deixar a cada petxina. L&#8217;endem\u00e0, emocions intenses omplien les classes de Brillantina i Llumetes de colors. Els dies que han seguit, nens i nenes han pogut gaudir d&#8217;aquest nou espai per fer les seves pr\u00f2pies composicions, i a l&#8217;espai tranquil tenen accessibles els petits tresors que els vau dedicar.<\/p>\n<p><a href=\"https:\/\/agora.xtec.cat\/ceip-joanmiro-barcelona\/wp-content\/uploads\/usu741\/2019\/10\/1-20191001_083659.jpg\"><img loading=\"lazy\" decoding=\"async\" class=\"wp-image-6323 alignnone\" src=\"https:\/\/agora.xtec.cat\/ceip-joanmiro-barcelona\/wp-content\/uploads\/usu741\/2019\/10\/1-20191001_083659-1024x768.jpg\" alt=\"\" width=\"366\" height=\"275\" srcset=\"https:\/\/agora.xtec.cat\/ceip-joanmiro-barcelona\/wp-content\/uploads\/usu741\/2019\/10\/1-20191001_083659-1024x768.jpg 1024w, https:\/\/agora.xtec.cat\/ceip-joanmiro-barcelona\/wp-content\/uploads\/usu741\/2019\/10\/1-20191001_083659-300x225.jpg 300w, https:\/\/agora.xtec.cat\/ceip-joanmiro-barcelona\/wp-content\/uploads\/usu741\/2019\/10\/1-20191001_083659-768x576.jpg 768w, https:\/\/agora.xtec.cat\/ceip-joanmiro-barcelona\/wp-content\/uploads\/usu741\/2019\/10\/1-20191001_083659-200x150.jpg 200w\" sizes=\"auto, (max-width: 366px) 100vw, 366px\" \/><\/a><a href=\"https:\/\/agora.xtec.cat\/ceip-joanmiro-barcelona\/wp-content\/uploads\/usu741\/2019\/10\/2-IMG-20191001-WA0003.jpg\"><img loading=\"lazy\" decoding=\"async\" class=\"wp-image-6324 alignnone\" src=\"https:\/\/agora.xtec.cat\/ceip-joanmiro-barcelona\/wp-content\/uploads\/usu741\/2019\/10\/2-IMG-20191001-WA0003-1024x768.jpg\" alt=\"\" width=\"365\" height=\"274\" srcset=\"https:\/\/agora.xtec.cat\/ceip-joanmiro-barcelona\/wp-content\/uploads\/usu741\/2019\/10\/2-IMG-20191001-WA0003-1024x768.jpg 1024w, https:\/\/agora.xtec.cat\/ceip-joanmiro-barcelona\/wp-content\/uploads\/usu741\/2019\/10\/2-IMG-20191001-WA0003-300x225.jpg 300w, https:\/\/agora.xtec.cat\/ceip-joanmiro-barcelona\/wp-content\/uploads\/usu741\/2019\/10\/2-IMG-20191001-WA0003-768x576.jpg 768w, https:\/\/agora.xtec.cat\/ceip-joanmiro-barcelona\/wp-content\/uploads\/usu741\/2019\/10\/2-IMG-20191001-WA0003-200x150.jpg 200w, https:\/\/agora.xtec.cat\/ceip-joanmiro-barcelona\/wp-content\/uploads\/usu741\/2019\/10\/2-IMG-20191001-WA0003.jpg 1600w\" sizes=\"auto, (max-width: 365px) 100vw, 365px\" \/><\/a><\/p>\n<p><a href=\"https:\/\/agora.xtec.cat\/ceip-joanmiro-barcelona\/wp-content\/uploads\/usu741\/2019\/10\/3-20191001_093901.jpg\"><img loading=\"lazy\" decoding=\"async\" class=\"alignnone wp-image-6330\" src=\"https:\/\/agora.xtec.cat\/ceip-joanmiro-barcelona\/wp-content\/uploads\/usu741\/2019\/10\/3-20191001_093901-1024x683.jpg\" alt=\"\" width=\"726\" height=\"484\" srcset=\"https:\/\/agora.xtec.cat\/ceip-joanmiro-barcelona\/wp-content\/uploads\/usu741\/2019\/10\/3-20191001_093901-1024x683.jpg 1024w, https:\/\/agora.xtec.cat\/ceip-joanmiro-barcelona\/wp-content\/uploads\/usu741\/2019\/10\/3-20191001_093901-300x200.jpg 300w, https:\/\/agora.xtec.cat\/ceip-joanmiro-barcelona\/wp-content\/uploads\/usu741\/2019\/10\/3-20191001_093901-768x512.jpg 768w, https:\/\/agora.xtec.cat\/ceip-joanmiro-barcelona\/wp-content\/uploads\/usu741\/2019\/10\/3-20191001_093901.jpg 1620w\" sizes=\"auto, (max-width: 726px) 100vw, 726px\" \/><\/a><\/p>\n<p><a href=\"https:\/\/agora.xtec.cat\/ceip-joanmiro-barcelona\/wp-content\/uploads\/usu741\/2019\/10\/4-IMG-20191001-WA0007.jpg\"><img loading=\"lazy\" decoding=\"async\" class=\"alignnone wp-image-6325\" src=\"https:\/\/agora.xtec.cat\/ceip-joanmiro-barcelona\/wp-content\/uploads\/usu741\/2019\/10\/4-IMG-20191001-WA0007-1024x768.jpg\" alt=\"\" width=\"724\" height=\"544\" srcset=\"https:\/\/agora.xtec.cat\/ceip-joanmiro-barcelona\/wp-content\/uploads\/usu741\/2019\/10\/4-IMG-20191001-WA0007-1024x768.jpg 1024w, https:\/\/agora.xtec.cat\/ceip-joanmiro-barcelona\/wp-content\/uploads\/usu741\/2019\/10\/4-IMG-20191001-WA0007-300x225.jpg 300w, https:\/\/agora.xtec.cat\/ceip-joanmiro-barcelona\/wp-content\/uploads\/usu741\/2019\/10\/4-IMG-20191001-WA0007-768x576.jpg 768w, https:\/\/agora.xtec.cat\/ceip-joanmiro-barcelona\/wp-content\/uploads\/usu741\/2019\/10\/4-IMG-20191001-WA0007-200x150.jpg 200w, https:\/\/agora.xtec.cat\/ceip-joanmiro-barcelona\/wp-content\/uploads\/usu741\/2019\/10\/4-IMG-20191001-WA0007.jpg 1600w\" sizes=\"auto, (max-width: 724px) 100vw, 724px\" \/><\/a><\/p>\n<p><a href=\"https:\/\/agora.xtec.cat\/ceip-joanmiro-barcelona\/wp-content\/uploads\/usu741\/2019\/10\/5-20191002_115427.jpg\"><img loading=\"lazy\" decoding=\"async\" class=\"alignnone wp-image-6326\" src=\"https:\/\/agora.xtec.cat\/ceip-joanmiro-barcelona\/wp-content\/uploads\/usu741\/2019\/10\/5-20191002_115427-1024x768.jpg\" alt=\"\" width=\"724\" height=\"544\" srcset=\"https:\/\/agora.xtec.cat\/ceip-joanmiro-barcelona\/wp-content\/uploads\/usu741\/2019\/10\/5-20191002_115427-1024x768.jpg 1024w, https:\/\/agora.xtec.cat\/ceip-joanmiro-barcelona\/wp-content\/uploads\/usu741\/2019\/10\/5-20191002_115427-300x225.jpg 300w, https:\/\/agora.xtec.cat\/ceip-joanmiro-barcelona\/wp-content\/uploads\/usu741\/2019\/10\/5-20191002_115427-768x576.jpg 768w, https:\/\/agora.xtec.cat\/ceip-joanmiro-barcelona\/wp-content\/uploads\/usu741\/2019\/10\/5-20191002_115427-200x150.jpg 200w\" sizes=\"auto, (max-width: 724px) 100vw, 724px\" \/><\/a><\/p>\n<p><a href=\"https:\/\/agora.xtec.cat\/ceip-joanmiro-barcelona\/wp-content\/uploads\/usu741\/2019\/10\/6-IMG-20191001-WA0006.jpg\"><img loading=\"lazy\" decoding=\"async\" class=\"alignnone wp-image-6327\" src=\"https:\/\/agora.xtec.cat\/ceip-joanmiro-barcelona\/wp-content\/uploads\/usu741\/2019\/10\/6-IMG-20191001-WA0006-1024x768.jpg\" alt=\"\" width=\"721\" height=\"541\" srcset=\"https:\/\/agora.xtec.cat\/ceip-joanmiro-barcelona\/wp-content\/uploads\/usu741\/2019\/10\/6-IMG-20191001-WA0006-1024x768.jpg 1024w, https:\/\/agora.xtec.cat\/ceip-joanmiro-barcelona\/wp-content\/uploads\/usu741\/2019\/10\/6-IMG-20191001-WA0006-300x225.jpg 300w, https:\/\/agora.xtec.cat\/ceip-joanmiro-barcelona\/wp-content\/uploads\/usu741\/2019\/10\/6-IMG-20191001-WA0006-768x576.jpg 768w, https:\/\/agora.xtec.cat\/ceip-joanmiro-barcelona\/wp-content\/uploads\/usu741\/2019\/10\/6-IMG-20191001-WA0006-200x150.jpg 200w, https:\/\/agora.xtec.cat\/ceip-joanmiro-barcelona\/wp-content\/uploads\/usu741\/2019\/10\/6-IMG-20191001-WA0006.jpg 1600w\" sizes=\"auto, (max-width: 721px) 100vw, 721px\" \/><\/a><\/p>\n<p><a href=\"https:\/\/agora.xtec.cat\/ceip-joanmiro-barcelona\/wp-content\/uploads\/usu741\/2019\/10\/7-20191008_113728.jpg\"><img loading=\"lazy\" decoding=\"async\" class=\"alignnone wp-image-6334\" src=\"https:\/\/agora.xtec.cat\/ceip-joanmiro-barcelona\/wp-content\/uploads\/usu741\/2019\/10\/7-20191008_113728-1024x769.jpg\" alt=\"\" width=\"722\" height=\"542\" srcset=\"https:\/\/agora.xtec.cat\/ceip-joanmiro-barcelona\/wp-content\/uploads\/usu741\/2019\/10\/7-20191008_113728-1024x769.jpg 1024w, https:\/\/agora.xtec.cat\/ceip-joanmiro-barcelona\/wp-content\/uploads\/usu741\/2019\/10\/7-20191008_113728-300x225.jpg 300w, https:\/\/agora.xtec.cat\/ceip-joanmiro-barcelona\/wp-content\/uploads\/usu741\/2019\/10\/7-20191008_113728-768x576.jpg 768w, https:\/\/agora.xtec.cat\/ceip-joanmiro-barcelona\/wp-content\/uploads\/usu741\/2019\/10\/7-20191008_113728-200x150.jpg 200w, https:\/\/agora.xtec.cat\/ceip-joanmiro-barcelona\/wp-content\/uploads\/usu741\/2019\/10\/7-20191008_113728.jpg 1439w\" sizes=\"auto, (max-width: 722px) 100vw, 722px\" \/><\/a><\/p>\n<p><a href=\"https:\/\/agora.xtec.cat\/ceip-joanmiro-barcelona\/wp-content\/uploads\/usu741\/2019\/10\/8-IMG-20191001-WA0005.jpg\"><img loading=\"lazy\" decoding=\"async\" class=\"alignnone wp-image-6329\" src=\"https:\/\/agora.xtec.cat\/ceip-joanmiro-barcelona\/wp-content\/uploads\/usu741\/2019\/10\/8-IMG-20191001-WA0005-1024x1024.jpg\" alt=\"\" width=\"721\" height=\"721\" srcset=\"https:\/\/agora.xtec.cat\/ceip-joanmiro-barcelona\/wp-content\/uploads\/usu741\/2019\/10\/8-IMG-20191001-WA0005-1024x1024.jpg 1024w, https:\/\/agora.xtec.cat\/ceip-joanmiro-barcelona\/wp-content\/uploads\/usu741\/2019\/10\/8-IMG-20191001-WA0005-150x150.jpg 150w, https:\/\/agora.xtec.cat\/ceip-joanmiro-barcelona\/wp-content\/uploads\/usu741\/2019\/10\/8-IMG-20191001-WA0005-300x300.jpg 300w, https:\/\/agora.xtec.cat\/ceip-joanmiro-barcelona\/wp-content\/uploads\/usu741\/2019\/10\/8-IMG-20191001-WA0005-768x768.jpg 768w, https:\/\/agora.xtec.cat\/ceip-joanmiro-barcelona\/wp-content\/uploads\/usu741\/2019\/10\/8-IMG-20191001-WA0005.jpg 1200w\" sizes=\"auto, (max-width: 721px) 100vw, 721px\" \/><\/a><\/p>\n<p><a href=\"https:\/\/agora.xtec.cat\/ceip-joanmiro-barcelona\/wp-content\/uploads\/usu741\/2019\/10\/9-20191008_114137-1.jpg\"><img loading=\"lazy\" decoding=\"async\" class=\"alignnone wp-image-6339 \" src=\"https:\/\/agora.xtec.cat\/ceip-joanmiro-barcelona\/wp-content\/uploads\/usu741\/2019\/10\/9-20191008_114137-1-1024x575.jpg\" alt=\"\" width=\"721\" height=\"405\" srcset=\"https:\/\/agora.xtec.cat\/ceip-joanmiro-barcelona\/wp-content\/uploads\/usu741\/2019\/10\/9-20191008_114137-1-1024x575.jpg 1024w, https:\/\/agora.xtec.cat\/ceip-joanmiro-barcelona\/wp-content\/uploads\/usu741\/2019\/10\/9-20191008_114137-1-300x169.jpg 300w, https:\/\/agora.xtec.cat\/ceip-joanmiro-barcelona\/wp-content\/uploads\/usu741\/2019\/10\/9-20191008_114137-1-768x431.jpg 768w, https:\/\/agora.xtec.cat\/ceip-joanmiro-barcelona\/wp-content\/uploads\/usu741\/2019\/10\/9-20191008_114137-1.jpg 1440w\" sizes=\"auto, (max-width: 721px) 100vw, 721px\" \/><\/a><\/p>\n","protected":false},"excerpt":{"rendered":"<p>Gr\u00e0cies per les precioses mandales que vau crear per als vostres fills i filles i gr\u00e0cies pel regal d&#8217;amor que vau deixar a cada petxina. L&#8217;endem\u00e0, emocions intenses omplien les classes de Brillantina i Llumetes de colors. Els dies que han seguit, nens i nenes&hellip;  <a href=\"https:\/\/agora.xtec.cat\/ceip-joanmiro-barcelona\/general\/gracies-families-de-p5\/\" title=\"Read Gr\u00e0cies, fam\u00edlies de P5!\">Llegeix m\u00e9s\u00bb<\/a><\/p>\n","protected":false},"author":1,"featured_media":6330,"comment_status":"open","ping_status":"closed","sticky":false,"template":"","format":"standard","meta":{"_bbp_topic_count":0,"_bbp_reply_count":0,"_bbp_total_topic_count":0,"_bbp_total_reply_count":0,"_bbp_voice_count":0,"_bbp_anonymous_reply_count":0,"_bbp_topic_count_hidden":0,"_bbp_reply_count_hidden":0,"_bbp_forum_subforum_count":0,"footnotes":""},"categories":[150,1,2,4],"tags":[195,196],"class_list":["post-6319","post","type-post","status-publish","format-standard","has-post-thumbnail","hentry","category-sise","category-general","category-infantil","category-portada","tag-brillantina-i-llumetes-de-colors","tag-families"],"post_mailing_queue_ids":[],"_links":{"self":[{"href":"https:\/\/agora.xtec.cat\/ceip-joanmiro-barcelona\/wp-json\/wp\/v2\/posts\/6319","targetHints":{"allow":["GET"]}}],"collection":[{"href":"https:\/\/agora.xtec.cat\/ceip-joanmiro-barcelona\/wp-json\/wp\/v2\/posts"}],"about":[{"href":"https:\/\/agora.xtec.cat\/ceip-joanmiro-barcelona\/wp-json\/wp\/v2\/types\/post"}],"author":[{"embeddable":true,"href":"https:\/\/agora.xtec.cat\/ceip-joanmiro-barcelona\/wp-json\/wp\/v2\/users\/1"}],"replies":[{"embeddable":true,"href":"https:\/\/agora.xtec.cat\/ceip-joanmiro-barcelona\/wp-json\/wp\/v2\/comments?post=6319"}],"version-history":[{"count":3,"href":"https:\/\/agora.xtec.cat\/ceip-joanmiro-barcelona\/wp-json\/wp\/v2\/posts\/6319\/revisions"}],"predecessor-version":[{"id":6910,"href":"https:\/\/agora.xtec.cat\/ceip-joanmiro-barcelona\/wp-json\/wp\/v2\/posts\/6319\/revisions\/6910"}],"wp:featuredmedia":[{"embeddable":true,"href":"https:\/\/agora.xtec.cat\/ceip-joanmiro-barcelona\/wp-json\/wp\/v2\/media\/6330"}],"wp:attachment":[{"href":"https:\/\/agora.xtec.cat\/ceip-joanmiro-barcelona\/wp-json\/wp\/v2\/media?parent=6319"}],"wp:term":[{"taxonomy":"category","embeddable":true,"href":"https:\/\/agora.xtec.cat\/ceip-joanmiro-barcelona\/wp-json\/wp\/v2\/categories?post=6319"},{"taxonomy":"post_tag","embeddable":true,"href":"https:\/\/agora.xtec.cat\/ceip-joanmiro-barcelona\/wp-json\/wp\/v2\/tags?post=6319"}],"curies":[{"name":"wp","href":"https:\/\/api.w.org\/{rel}","templated":true}]}}