{"id":5186,"date":"2018-11-30T19:51:55","date_gmt":"2018-11-30T18:51:55","guid":{"rendered":"http:\/\/agora.xtec.cat\/ceip-joanmiro-barcelona\/?p=5186"},"modified":"2018-11-30T20:06:41","modified_gmt":"2018-11-30T19:06:41","slug":"el-consell-dinfants-acorda-les-normes-daquest-curs","status":"publish","type":"post","link":"https:\/\/agora.xtec.cat\/ceip-joanmiro-barcelona\/general\/el-consell-dinfants-acorda-les-normes-daquest-curs\/","title":{"rendered":"El Consell d&#8217;Infants acorda les normes d&#8217;aquest curs"},"content":{"rendered":"<p>Els representants de les assemblees de cada classe han fet una trobada per establir les normes d&#8217;aquest curs escolar.<\/p>\n<blockquote><p>El nou pati, que s&#8217;ha estrenat aquest setembre passat, han plantejat noves situacions de conviv\u00e8ncia que han estat recollides a les aportacions de les assemblees. S&#8217;han afegit normes de lavabo, com per exemple: <strong><em>&#8220;Els lavabos no s\u00f3n de nens ni de nenes, sin\u00f3 de persones&#8221;<\/em><\/strong> o s&#8217;han creat de noves per a la recent zona de sorral al pati de les moreres.<\/p><\/blockquote>\n\r\n\t<div class=\"slideshow_container slideshow_container_style-light\" style=\" \" data-slideshow-id=\"5189\" data-style-name=\"style-light\" data-style-version=\"2.3.1\" >\r\n\r\n\t\t\t\t\t<div class=\"slideshow_loading_icon\"><\/div>\r\n\t\t\r\n\t\t<div class=\"slideshow_content\" style=\"display: none;\">\r\n\r\n\t\t\t<div class=\"slideshow_view\">\r\n\t\t\t\t<div class=\"slideshow_slide slideshow_slide_image\">\r\n\t\t\t\t\t\t\t\t\t\t\t<img src=\"https:\/\/agora.xtec.cat\/ceip-joanmiro-barcelona\/wp-content\/uploads\/usu741\/2018\/11\/2018-11-30_19-21-41_511.jpg\" alt=\"2018-11-30_19-21-41_511\" width=\"1024\" height=\"768\" \/>\r\n\t\t\t\t\t\t\t\t\t\t<div class=\"slideshow_description_box slideshow_transparent\">\r\n\t\t\t\t\t\t<div class=\"slideshow_title\">2018-11-30_19-21-41_511<\/div>\t\t\t\t\t\t\t\t\t\t\t<\/div>\r\n\t\t\t\t<\/div>\r\n\r\n\t\t\t\t\t\t<div style=\"clear: both;\"><\/div><\/div><div class=\"slideshow_view\">\r\n\t\t\t\t<div class=\"slideshow_slide slideshow_slide_image\">\r\n\t\t\t\t\t\t\t\t\t\t\t<img src=\"https:\/\/agora.xtec.cat\/ceip-joanmiro-barcelona\/wp-content\/uploads\/usu741\/2018\/11\/consell-1r-t-18-19.jpg\" alt=\"consell 1r t 18-19\" width=\"4160\" height=\"3120\" \/>\r\n\t\t\t\t\t\t\t\t\t\t<div class=\"slideshow_description_box slideshow_transparent\">\r\n\t\t\t\t\t\t<div class=\"slideshow_title\">consell 1r t 18-19<\/div>\t\t\t\t\t\t\t\t\t\t\t<\/div>\r\n\t\t\t\t<\/div>\r\n\r\n\t\t\t\t\t\t<div style=\"clear: both;\"><\/div><\/div>\r\n\t\t<\/div>\r\n\r\n\t\t<div class=\"slideshow_controlPanel slideshow_transparent\" style=\"display: none;\"><ul><li class=\"slideshow_togglePlay\" data-play-text=\"Visualitza\" data-pause-text=\"Pausa\"><\/li><\/ul><\/div>\r\n\r\n\t\t<div class=\"slideshow_button slideshow_previous slideshow_transparent\" role=\"button\" data-previous-text=\"Anterior\" style=\"display: none;\"><\/div>\r\n\t\t<div class=\"slideshow_button slideshow_next slideshow_transparent\" role=\"button\" data-next-text=\"Seg\u00fcent\" style=\"display: none;\"><\/div>\r\n\r\n\t\t<div class=\"slideshow_pagination\" style=\"display: none;\" data-go-to-text=\"V\u00e9s a la diapositiva\"><div class=\"slideshow_pagination_center\"><\/div><\/div>\r\n\r\n\t\t<!-- WordPress Slideshow Version 2.3.1 -->\r\n\r\n\t\t\t<\/div>\r\n\r\n\n<p>El Consell d&#8217;Infants s&#8217;ha trobat a l&#8217;\u00e0gora de l&#8217;espai tranquil i despr\u00e9s han visitat les classes de P3 per tal de reflexionar sobre els residus que generem a trav\u00e9s d&#8217;un conte anomenat &#8220;L&#8217;escola que somiava un nou pati&#8221;.<\/p>\n<p>Els representants del Consell han dedicat uns minuts del pati per informar a la resta d&#8217;infants on hem de llen\u00e7ar cada residu.<\/p>\n<p>Seguirem treballant per una millor conviv\u00e8ncia i una escola m\u00e9s sostenible!<\/p>\n<p>&nbsp;<\/p>\n<p>&nbsp;<\/p>\n","protected":false},"excerpt":{"rendered":"<p>Els representants de les assemblees de cada classe han fet una trobada per establir les normes d&#8217;aquest curs escolar.      El nou pati, que s\u2019ha estrenat aquest setembre passat, han plantejat noves situacions de conviv\u00e8ncia que han estat recollides a les aportacions de les assemblees. S\u2019han afegit normes de lavabo, com per exemple: \u201cEls lavabos no s\u00f3n de nens ni de nenes, sin\u00f3 de persones\u201d o s\u2019han creat de noves per a la recent zona de sorral al pati de les moreres.&hellip;  <a href=\"https:\/\/agora.xtec.cat\/ceip-joanmiro-barcelona\/general\/el-consell-dinfants-acorda-les-normes-daquest-curs\/\" title=\"Read El Consell d&#8217;Infants acorda les normes d&#8217;aquest curs\">Llegeix m\u00e9s\u00bb<\/a><\/p>\n","protected":false},"author":50,"featured_media":5187,"comment_status":"open","ping_status":"closed","sticky":false,"template":"","format":"standard","meta":{"_bbp_topic_count":0,"_bbp_reply_count":0,"_bbp_total_topic_count":0,"_bbp_total_reply_count":0,"_bbp_voice_count":0,"_bbp_anonymous_reply_count":0,"_bbp_topic_count_hidden":0,"_bbp_reply_count_hidden":0,"_bbp_forum_subforum_count":0,"footnotes":""},"categories":[153,1,4,5,123,13,12,11,10,9,8,30],"tags":[174,99,119,82,173,132,185,54,56,98,81,186],"class_list":["post-5186","post","type-post","status-publish","format-standard","has-post-thumbnail","hentry","category-conselldinfants","category-general","category-portada","category-primaria","category-projectepati","category-promocio2019","category-promocio2020","category-promocio2021","category-promocio2022","category-promocio2023","category-promocio2024","category-valors","tag-bruixots-i-bruixotes","tag-egipcis-i-egipcies","tag-everest","tag-fons-mari","tag-gegants-i-gegantes","tag-girafes-i-tigres","tag-machu-picchu","tag-pica-destats","tag-pol-nord","tag-romans-i-romanes","tag-sabana","tag-taj-mahal"],"post_mailing_queue_ids":[],"_links":{"self":[{"href":"https:\/\/agora.xtec.cat\/ceip-joanmiro-barcelona\/wp-json\/wp\/v2\/posts\/5186","targetHints":{"allow":["GET"]}}],"collection":[{"href":"https:\/\/agora.xtec.cat\/ceip-joanmiro-barcelona\/wp-json\/wp\/v2\/posts"}],"about":[{"href":"https:\/\/agora.xtec.cat\/ceip-joanmiro-barcelona\/wp-json\/wp\/v2\/types\/post"}],"author":[{"embeddable":true,"href":"https:\/\/agora.xtec.cat\/ceip-joanmiro-barcelona\/wp-json\/wp\/v2\/users\/50"}],"replies":[{"embeddable":true,"href":"https:\/\/agora.xtec.cat\/ceip-joanmiro-barcelona\/wp-json\/wp\/v2\/comments?post=5186"}],"version-history":[{"count":3,"href":"https:\/\/agora.xtec.cat\/ceip-joanmiro-barcelona\/wp-json\/wp\/v2\/posts\/5186\/revisions"}],"predecessor-version":[{"id":5197,"href":"https:\/\/agora.xtec.cat\/ceip-joanmiro-barcelona\/wp-json\/wp\/v2\/posts\/5186\/revisions\/5197"}],"wp:featuredmedia":[{"embeddable":true,"href":"https:\/\/agora.xtec.cat\/ceip-joanmiro-barcelona\/wp-json\/wp\/v2\/media\/5187"}],"wp:attachment":[{"href":"https:\/\/agora.xtec.cat\/ceip-joanmiro-barcelona\/wp-json\/wp\/v2\/media?parent=5186"}],"wp:term":[{"taxonomy":"category","embeddable":true,"href":"https:\/\/agora.xtec.cat\/ceip-joanmiro-barcelona\/wp-json\/wp\/v2\/categories?post=5186"},{"taxonomy":"post_tag","embeddable":true,"href":"https:\/\/agora.xtec.cat\/ceip-joanmiro-barcelona\/wp-json\/wp\/v2\/tags?post=5186"}],"curies":[{"name":"wp","href":"https:\/\/api.w.org\/{rel}","templated":true}]}}