{"id":4145,"date":"2018-06-30T13:11:23","date_gmt":"2018-06-30T11:11:23","guid":{"rendered":"http:\/\/agora.xtec.cat\/ceip-joanmiro-barcelona\/?p=4145"},"modified":"2018-06-30T13:11:23","modified_gmt":"2018-06-30T11:11:23","slug":"projecte-de-5e","status":"publish","type":"post","link":"https:\/\/agora.xtec.cat\/ceip-joanmiro-barcelona\/general\/projecte-de-5e\/","title":{"rendered":"Projecte de 5\u00e8"},"content":{"rendered":"<p>Benvolgudes fam\u00edlies,<\/p>\n<p>Tal i com ja sabeu, volem compartir amb vosaltres els resultats del projecte que hem estat realitzant durant aquest \u00faltim trimestre. Estem molt satisfets per la gran implicaci\u00f3 i esfor\u00e7 que han mostrat els nens i nenes de 5\u00e8. Esperem que gaudiu amb aquesta petita mostra dels treballs que han anat fent.<\/p>\n<p>El c\u00f2mic:<\/p>\n<ul>\n<li>Els ca\u00e7afantasmes surrealistes:<\/li>\n<\/ul>\n<p><iframe loading=\"lazy\" style=\"width: 400px; height: 300px;\" src=\"\/\/e.issuu.com\/embed.html#33315875\/62733101\" width=\"300\" height=\"150\" frameborder=\"0\"><\/iframe><\/p>\n<ul>\n<li style=\"list-style-type: none;\">\n<ul>\n<li>Els germans de la m\u00e0gia negra<\/li>\n<\/ul>\n<\/li>\n<\/ul>\n<p><iframe loading=\"lazy\" style=\"width: 400px; height: 300px;\" src=\"\/\/e.issuu.com\/embed.html#33315875\/62704039\" width=\"300\" height=\"150\" frameborder=\"0\"><\/iframe><\/p>\n<ul>\n<li style=\"list-style-type: none;\">\n<ul>\n<li>Fantastic Art<\/li>\n<\/ul>\n<\/li>\n<\/ul>\n<p><iframe loading=\"lazy\" style=\"width: 400px; height: 300px;\" src=\"\/\/e.issuu.com\/embed.html#33315875\/62704156\" width=\"300\" height=\"150\" frameborder=\"0\"><\/iframe><\/p>\n<ul>\n<li style=\"list-style-type: none;\">\n<ul>\n<li>The Super Pop Art<\/li>\n<\/ul>\n<\/li>\n<\/ul>\n<p><iframe loading=\"lazy\" style=\"width: 400px; height: 300px;\" src=\"\/\/e.issuu.com\/embed.html#33315875\/62705674\" width=\"300\" height=\"150\" frameborder=\"0\"><\/iframe><\/p>\n<ul>\n<li style=\"list-style-type: none;\">\n<ul>\n<li>Les Aventures de Joan-Pepito<\/li>\n<\/ul>\n<\/li>\n<\/ul>\n<p><iframe loading=\"lazy\" style=\"width: 400px; height: 300px;\" src=\"\/\/e.issuu.com\/embed.html#33315875\/62705716\" width=\"300\" height=\"150\" frameborder=\"0\"><\/iframe><\/p>\n<ul>\n<li>Una altre vegada<\/li>\n<\/ul>\n<p><iframe loading=\"lazy\" style=\"width: 525px; height: 371px;\" src=\"\/\/e.issuu.com\/embed.html#33315875\/62733271\" width=\"300\" height=\"150\" frameborder=\"0\"><\/iframe><\/p>\n<ul>\n<li style=\"list-style-type: none;\">\n<ul>\n<li>Els graffitis m\u00e0gics<\/li>\n<\/ul>\n<\/li>\n<\/ul>\n<p><iframe loading=\"lazy\" style=\"width: 400px; height: 300px;\" src=\"\/\/e.issuu.com\/embed.html#33834779\/62707663\" width=\"300\" height=\"150\" frameborder=\"0\"><\/iframe><\/p>\n<ul>\n<li style=\"list-style-type: none;\">\n<ul>\n<li>El c\u00f2mic perdut<\/li>\n<\/ul>\n<\/li>\n<\/ul>\n<p><iframe loading=\"lazy\" style=\"width: 400px; height: 300px;\" src=\"\/\/e.issuu.com\/embed.html#33834779\/62707538\" width=\"300\" height=\"150\" frameborder=\"0\"><\/iframe><\/p>\n<ul>\n<li style=\"list-style-type: none;\">\n<ul>\n<li>Viatge al passat<\/li>\n<\/ul>\n<\/li>\n<\/ul>\n<p><iframe loading=\"lazy\" style=\"width: 400px; height: 300px;\" src=\"\/\/e.issuu.com\/embed.html#33834779\/62707466\" width=\"300\" height=\"150\" frameborder=\"0\"><\/iframe><\/p>\n<ul>\n<li style=\"list-style-type: none;\">\n<ul>\n<li>Atrapats al futur<\/li>\n<\/ul>\n<\/li>\n<\/ul>\n<p><iframe loading=\"lazy\" style=\"width: 400px; height: 300px;\" src=\"\/\/e.issuu.com\/embed.html#33834779\/62707497\" width=\"300\" height=\"150\" frameborder=\"0\"><\/iframe><\/p>\n<ul>\n<li style=\"list-style-type: none;\">\n<ul>\n<li>El graffiti prohibit<\/li>\n<\/ul>\n<\/li>\n<\/ul>\n<p><iframe loading=\"lazy\" style=\"width: 400px; height: 300px;\" src=\"\/\/e.issuu.com\/embed.html#33834779\/62707571\" width=\"300\" height=\"150\" frameborder=\"0\"><\/iframe><\/p>\n<ul>\n<li>El laberint de l&#8217;Op Art<\/li>\n<\/ul>\n<p><iframe loading=\"lazy\" style=\"width: 400px; height: 300px;\" src=\"\/\/e.issuu.com\/embed.html#33834779\/62707622\" width=\"300\" height=\"150\" frameborder=\"0\"><\/iframe><\/p>\n<p>Music videos:<\/p>\n<p>En aquest enlla\u00e7 trobareu el videoclip dels vostres fills\/es<\/p>\n<p>https:\/\/drive.google.com\/drive\/folders\/1901lGvkVOYhFK7M-72p_C9w5p6JTfaHK?usp=sharing<\/p>\n<p>Bones vacances!<\/p>\n<p>Els mestres de 5\u00e8<\/p>\n","protected":false},"excerpt":{"rendered":"<p>Benvolgudes fam\u00edlies,<\/p>\n<p>Tal i com ja sabeu, volem compartir amb vosaltres els resultats del projecte que hem estat realitzant durant aquest \u00faltim trimestre. Estem molt satisfets per la gran implicaci\u00f3 i esfor\u00e7 que han mostrat els nens i nenes de 5\u00e8. Esperem que gaudiu amb aquesta petita mostra dels treballs que han anat fent.&hellip;  <a href=\"https:\/\/agora.xtec.cat\/ceip-joanmiro-barcelona\/general\/projecte-de-5e\/\" title=\"Read Projecte de 5\u00e8\">Llegeix m\u00e9s\u00bb<\/a><\/p>\n","protected":false},"author":31,"featured_media":0,"comment_status":"open","ping_status":"closed","sticky":false,"template":"","format":"standard","meta":{"_bbp_topic_count":0,"_bbp_reply_count":0,"_bbp_total_topic_count":0,"_bbp_total_reply_count":0,"_bbp_voice_count":0,"_bbp_anonymous_reply_count":0,"_bbp_topic_count_hidden":0,"_bbp_reply_count_hidden":0,"_bbp_forum_subforum_count":0,"footnotes":""},"categories":[1,13],"tags":[119,54],"class_list":["post-4145","post","type-post","status-publish","format-standard","hentry","category-general","category-promocio2019","tag-everest","tag-pica-destats"],"post_mailing_queue_ids":[],"_links":{"self":[{"href":"https:\/\/agora.xtec.cat\/ceip-joanmiro-barcelona\/wp-json\/wp\/v2\/posts\/4145","targetHints":{"allow":["GET"]}}],"collection":[{"href":"https:\/\/agora.xtec.cat\/ceip-joanmiro-barcelona\/wp-json\/wp\/v2\/posts"}],"about":[{"href":"https:\/\/agora.xtec.cat\/ceip-joanmiro-barcelona\/wp-json\/wp\/v2\/types\/post"}],"author":[{"embeddable":true,"href":"https:\/\/agora.xtec.cat\/ceip-joanmiro-barcelona\/wp-json\/wp\/v2\/users\/31"}],"replies":[{"embeddable":true,"href":"https:\/\/agora.xtec.cat\/ceip-joanmiro-barcelona\/wp-json\/wp\/v2\/comments?post=4145"}],"version-history":[{"count":3,"href":"https:\/\/agora.xtec.cat\/ceip-joanmiro-barcelona\/wp-json\/wp\/v2\/posts\/4145\/revisions"}],"predecessor-version":[{"id":4158,"href":"https:\/\/agora.xtec.cat\/ceip-joanmiro-barcelona\/wp-json\/wp\/v2\/posts\/4145\/revisions\/4158"}],"wp:attachment":[{"href":"https:\/\/agora.xtec.cat\/ceip-joanmiro-barcelona\/wp-json\/wp\/v2\/media?parent=4145"}],"wp:term":[{"taxonomy":"category","embeddable":true,"href":"https:\/\/agora.xtec.cat\/ceip-joanmiro-barcelona\/wp-json\/wp\/v2\/categories?post=4145"},{"taxonomy":"post_tag","embeddable":true,"href":"https:\/\/agora.xtec.cat\/ceip-joanmiro-barcelona\/wp-json\/wp\/v2\/tags?post=4145"}],"curies":[{"name":"wp","href":"https:\/\/api.w.org\/{rel}","templated":true}]}}