{"id":3722,"date":"2018-04-16T12:34:24","date_gmt":"2018-04-16T10:34:24","guid":{"rendered":"http:\/\/agora.xtec.cat\/ceip-joanmiro-barcelona\/?p=3722"},"modified":"2018-04-16T12:34:24","modified_gmt":"2018-04-16T10:34:24","slug":"preinscripcio-2018-2019","status":"publish","type":"post","link":"https:\/\/agora.xtec.cat\/ceip-joanmiro-barcelona\/general\/preinscripcio-2018-2019\/","title":{"rendered":"PREINSCRIPCI\u00d3 2018-2019"},"content":{"rendered":"<h3 style=\"text-align: center;\"><span style=\"color: #ff6600;\"><strong>PREINSCRIPCI\u00d3 CURS 2018-2019<\/strong><\/span><\/h3>\n<h3 style=\"text-align: center;\"><span style=\"color: #ff6600;\"><strong>DEL 13 AL 24 D&#8217;ABRIL\u00a0<\/strong><\/span><\/h3>\n<h4 style=\"text-align: center;\"><span style=\"color: #0063cc;\"><strong>HORARI DE RECOLLIDA DE SOL\u00b7LICITUDS<\/strong><\/span><\/h4>\n<h4 style=\"text-align: center;\"><span style=\"color: #0063cc;\"><strong>Dilluns, dimarts i dimecres: de 9.15 a 10.15<\/strong><\/span><\/h4>\n<h4 style=\"text-align: center;\"><span style=\"color: #0063cc;\"><strong>Dijous i divendres: de 3.15 a 4.30\u00a0<\/strong><\/span><\/h4>\n<p style=\"text-align: center;\">\n<p><span style=\"color: #808080;\"><strong><u>DOCUMENTS A PRESENTAR AMB LA SOL\u00b7LICITUD DE PREINSCRIPCI\u00d3<\/u><\/strong><\/span><\/p>\n<ul>\n<li><span style=\"color: #808080;\"><strong>FULL DE PREINSCRIPCI\u00d3 (lliurat pel Centre) i fotoc\u00f2pia (presentar un \u00fanic full de preinscripci\u00f3 en el primer centre sol\u00b7licitat, on en podreu indicar altres i per ordre de prefer\u00e8ncia).<\/strong><\/span><\/li>\n<li><span style=\"color: #808080;\"><strong>FOTOC\u00d2PIA DEL LLIBRE DE FAM\u00cdLIA (full dels pares i del fill\/a) o altres documents relatius a la filiaci\u00f3 (Les dades d\u2019identificaci\u00f3 per a l\u2019alumnat estranger poden acreditar-se amb els documents d\u2019identitat, o amb el passaport del pa\u00eds d\u2019origen o amb la partida de naixement)<\/strong><\/span><\/li>\n<li><span style=\"color: #808080;\"><strong>FOTOC\u00d2PIA DEL DNI DEL PARE I DE LA MARE O DELS TUTORS LEGALS o de la targeta de resid\u00e8ncia on consta el NIE si es tracta de persones estrangeres.<\/strong><\/span><\/li>\n<li><span style=\"color: #808080;\"><strong>FOTOC\u00d2PIA de la targeta sanit\u00e0ria individual (TSI) de l\u2019alumne\/a<\/strong><\/span><\/li>\n<li><span style=\"color: #808080;\"><strong>FOTOC\u00d2PIA d\u2019altres documents que acreditin els aspectes indicats a efectes d\u2019aplicaci\u00f3 del barem.<\/strong><\/span><\/li>\n<\/ul>\n<p>&nbsp;<\/p>\n","protected":false},"excerpt":{"rendered":"<p>PREINSCRIPCI\u00d3 CURS 2018-2019<br \/>\nDEL 13 AL 24 D&#8217;ABRIL\u00a0<br \/>\nHORARI DE RECOLLIDA DE SOL\u00b7LICITUDS<br \/>\nDilluns, dimarts i dimecres: de 9.15 a 10.15<br \/>\nDijous i divendres: de 3.15 a 4.30\u00a0<\/p>\n<p>DOCUMENTS A PRESENTAR AMB LA SOL\u00b7LICITUD DE PREINSCRIPCI\u00d3<\/p>\n<ul>\n<li>FULL DE PREINSCRIPCI\u00d3 (lliurat pel Centre) i fotoc\u00f2pia (presentar un \u00fanic full de preinscripci\u00f3 en&hellip;  <a href=\"https:\/\/agora.xtec.cat\/ceip-joanmiro-barcelona\/general\/preinscripcio-2018-2019\/\" title=\"Read PREINSCRIPCI\u00d3 2018-2019\">Llegeix m\u00e9s\u00bb<\/a><br \/>\n","protected":false},"author":1,"featured_media":0,"comment_status":"open","ping_status":"closed","sticky":false,"template":"","format":"standard","meta":{"_bbp_topic_count":0,"_bbp_reply_count":0,"_bbp_total_topic_count":0,"_bbp_total_reply_count":0,"_bbp_voice_count":0,"_bbp_anonymous_reply_count":0,"_bbp_topic_count_hidden":0,"_bbp_reply_count_hidden":0,"_bbp_forum_subforum_count":0,"footnotes":""},"categories":[1],"tags":[],"class_list":["post-3722","post","type-post","status-publish","format-standard","hentry","category-general"],"post_mailing_queue_ids":[],"_links":{"self":[{"href":"https:\/\/agora.xtec.cat\/ceip-joanmiro-barcelona\/wp-json\/wp\/v2\/posts\/3722","targetHints":{"allow":["GET"]}}],"collection":[{"href":"https:\/\/agora.xtec.cat\/ceip-joanmiro-barcelona\/wp-json\/wp\/v2\/posts"}],"about":[{"href":"https:\/\/agora.xtec.cat\/ceip-joanmiro-barcelona\/wp-json\/wp\/v2\/types\/post"}],"author":[{"embeddable":true,"href":"https:\/\/agora.xtec.cat\/ceip-joanmiro-barcelona\/wp-json\/wp\/v2\/users\/1"}],"replies":[{"embeddable":true,"href":"https:\/\/agora.xtec.cat\/ceip-joanmiro-barcelona\/wp-json\/wp\/v2\/comments?post=3722"}],"version-history":[{"count":1,"href":"https:\/\/agora.xtec.cat\/ceip-joanmiro-barcelona\/wp-json\/wp\/v2\/posts\/3722\/revisions"}],"predecessor-version":[{"id":3723,"href":"https:\/\/agora.xtec.cat\/ceip-joanmiro-barcelona\/wp-json\/wp\/v2\/posts\/3722\/revisions\/3723"}],"wp:attachment":[{"href":"https:\/\/agora.xtec.cat\/ceip-joanmiro-barcelona\/wp-json\/wp\/v2\/media?parent=3722"}],"wp:term":[{"taxonomy":"category","embeddable":true,"href":"https:\/\/agora.xtec.cat\/ceip-joanmiro-barcelona\/wp-json\/wp\/v2\/categories?post=3722"},{"taxonomy":"post_tag","embeddable":true,"href":"https:\/\/agora.xtec.cat\/ceip-joanmiro-barcelona\/wp-json\/wp\/v2\/tags?post=3722"}],"curies":[{"name":"wp","href":"https:\/\/api.w.org\/{rel}","templated":true}]}}