{"id":364,"date":"2016-05-22T15:37:14","date_gmt":"2016-05-22T14:37:14","guid":{"rendered":"http:\/\/agora.xtec.cat\/ceip-joanmiro-barcelona\/?p=364"},"modified":"2016-06-23T17:13:13","modified_gmt":"2016-06-23T16:13:13","slug":"coeducacio-la-casa-al-carrer","status":"publish","type":"post","link":"https:\/\/agora.xtec.cat\/ceip-joanmiro-barcelona\/general\/coeducacio-la-casa-al-carrer\/","title":{"rendered":"Coeducaci\u00f3: \u00a0&#8220;La casa al carrer&#8221;"},"content":{"rendered":"<div>\u00a0<a href=\"http:\/\/agora.xtec.cat\/ceip-joanmiro-barcelona\/wp-content\/uploads\/usu741\/2014\/09\/Cartell-cooeducaci\u00f3.jpg\"><img loading=\"lazy\" decoding=\"async\" class=\"alignnone wp-image-360\" src=\"http:\/\/agora.xtec.cat\/ceip-joanmiro-barcelona\/wp-content\/uploads\/usu741\/2014\/09\/Cartell-cooeducaci\u00f3-212x300.jpg\" alt=\"Cartell cooeducaci\u00f3\" width=\"129\" height=\"183\" srcset=\"https:\/\/agora.xtec.cat\/ceip-joanmiro-barcelona\/wp-content\/uploads\/usu741\/2014\/09\/Cartell-cooeducaci\u00f3-212x300.jpg 212w, https:\/\/agora.xtec.cat\/ceip-joanmiro-barcelona\/wp-content\/uploads\/usu741\/2014\/09\/Cartell-cooeducaci\u00f3.jpg 381w\" sizes=\"auto, (max-width: 129px) 100vw, 129px\" \/><\/a><\/div>\n<div style=\"text-align: right;\">\n<div>\n<div><b><span style=\"font-size: medium;\">\u00a0<\/span><\/b><\/div>\n<div style=\"text-align: left;\"><b><span style=\"font-size: medium;\">Us convidem a visitar la instal\u00b7laci\u00f3 art\u00edstica que han fet els alumnes de 6\u00e8 de la nostra escola i de l&#8217;escola Montseny.<\/span><\/b><\/div>\n<div style=\"text-align: left;\"><\/div>\n<div><\/div>\n<div><span style=\"font-size: medium;\"><b>8 DE MAR\u00c7<\/b><\/span><\/div>\n<div><span style=\"font-size: medium;\"><b>\u00a0<\/b><\/span><\/div>\n<div><span style=\"font-size: medium;\"><b>DE 10:15h A 17:30h<\/b><\/span><\/div>\n<div><span style=\"font-size: medium;\"><b>\u00a0<\/b><\/span><\/div>\n<div><span style=\"font-size: medium;\"><b>PLA\u00c7A DELS \u00c0NGELS (BARCELONA)<\/b><\/span><\/div>\n<\/div>\n<\/div>\n<p>&nbsp;<\/p>\n","protected":false},"excerpt":{"rendered":"<p>\u00a0<a href=\"http:\/\/agora.xtec.cat\/ceip-joanmiro-barcelona\/wp-content\/uploads\/usu741\/2014\/09\/Cartell-cooeducaci\u00f3.jpg\"><\/a><\/p>\n<p>\u00a0<br \/>\nUs convidem a visitar la instal\u00b7laci\u00f3 art\u00edstica que han fet els alumnes de 6\u00e8 de la nostra escola i de l&#8217;escola Montseny.<\/p>\n<p>8 DE MAR\u00c7<br \/>\n\u00a0<br \/>\nDE 10:15h A 17:30h<br \/>\n\u00a0<br \/>\nPLA\u00c7A DELS \u00c0NGELS (BARCELONA)<\/p>\n<p>&nbsp;<\/p>\n","protected":false},"author":1,"featured_media":360,"comment_status":"open","ping_status":"open","sticky":false,"template":"","format":"standard","meta":{"_bbp_topic_count":0,"_bbp_reply_count":0,"_bbp_total_topic_count":0,"_bbp_total_reply_count":0,"_bbp_voice_count":0,"_bbp_anonymous_reply_count":0,"_bbp_topic_count_hidden":0,"_bbp_reply_count_hidden":0,"_bbp_forum_subforum_count":0,"footnotes":""},"categories":[1,2,4,5],"tags":[39,36,37,38],"class_list":["post-364","post","type-post","status-publish","format-standard","has-post-thumbnail","hentry","category-general","category-infantil","category-portada","category-primaria","tag-6e","tag-coeducacio","tag-infantil","tag-primaria"],"post_mailing_queue_ids":[],"_links":{"self":[{"href":"https:\/\/agora.xtec.cat\/ceip-joanmiro-barcelona\/wp-json\/wp\/v2\/posts\/364","targetHints":{"allow":["GET"]}}],"collection":[{"href":"https:\/\/agora.xtec.cat\/ceip-joanmiro-barcelona\/wp-json\/wp\/v2\/posts"}],"about":[{"href":"https:\/\/agora.xtec.cat\/ceip-joanmiro-barcelona\/wp-json\/wp\/v2\/types\/post"}],"author":[{"embeddable":true,"href":"https:\/\/agora.xtec.cat\/ceip-joanmiro-barcelona\/wp-json\/wp\/v2\/users\/1"}],"replies":[{"embeddable":true,"href":"https:\/\/agora.xtec.cat\/ceip-joanmiro-barcelona\/wp-json\/wp\/v2\/comments?post=364"}],"version-history":[{"count":3,"href":"https:\/\/agora.xtec.cat\/ceip-joanmiro-barcelona\/wp-json\/wp\/v2\/posts\/364\/revisions"}],"predecessor-version":[{"id":446,"href":"https:\/\/agora.xtec.cat\/ceip-joanmiro-barcelona\/wp-json\/wp\/v2\/posts\/364\/revisions\/446"}],"wp:featuredmedia":[{"embeddable":true,"href":"https:\/\/agora.xtec.cat\/ceip-joanmiro-barcelona\/wp-json\/wp\/v2\/media\/360"}],"wp:attachment":[{"href":"https:\/\/agora.xtec.cat\/ceip-joanmiro-barcelona\/wp-json\/wp\/v2\/media?parent=364"}],"wp:term":[{"taxonomy":"category","embeddable":true,"href":"https:\/\/agora.xtec.cat\/ceip-joanmiro-barcelona\/wp-json\/wp\/v2\/categories?post=364"},{"taxonomy":"post_tag","embeddable":true,"href":"https:\/\/agora.xtec.cat\/ceip-joanmiro-barcelona\/wp-json\/wp\/v2\/tags?post=364"}],"curies":[{"name":"wp","href":"https:\/\/api.w.org\/{rel}","templated":true}]}}