{"id":3618,"date":"2018-04-03T13:28:51","date_gmt":"2018-04-03T11:28:51","guid":{"rendered":"http:\/\/agora.xtec.cat\/ceip-joanmiro-barcelona\/?p=3618"},"modified":"2018-04-03T13:28:51","modified_gmt":"2018-04-03T11:28:51","slug":"la-guardia-urbana-ve-a-les-classes-de-lleons-i-guepards","status":"publish","type":"post","link":"https:\/\/agora.xtec.cat\/ceip-joanmiro-barcelona\/general\/la-guardia-urbana-ve-a-les-classes-de-lleons-i-guepards\/","title":{"rendered":"La gu\u00e0rdia urbana ve a les classes de lleons i guepards"},"content":{"rendered":"<p>Hola fam\u00edlies,<\/p>\n<p>El passat 15 de mar\u00e7 va venir la gu\u00e0rdia urbana a fer-nos una explicaci\u00f3 de les normes de civisme que hem de tenir en compte per anar per la nostra ciutat.<\/p>\n<p>Us deixem aquest recull de fotos.<\/p>\n<p>Clica la imatge per veure l&#8217;\u00c0lbum.<\/p>\n<p><a href=\"https:\/\/photos.google.com\/share\/AF1QipNYxLrY2zN4cFV9gfQgK1PPVWthXQNN7IGWAKu9S0rFx0HML704rti7LCJqGBBFQw?key=N043a0VIMW9kZldFbEg4NlVnMUJ5VXMxTzRRdDNB\"><img loading=\"lazy\" decoding=\"async\" class=\"alignnone wp-image-3619\" src=\"http:\/\/agora.xtec.cat\/ceip-joanmiro-barcelona\/wp-content\/uploads\/usu741\/2018\/04\/IMG_20180315_102053-1024x575.jpg\" alt=\"\" width=\"508\" height=\"285\" srcset=\"https:\/\/agora.xtec.cat\/ceip-joanmiro-barcelona\/wp-content\/uploads\/usu741\/2018\/04\/IMG_20180315_102053-1024x575.jpg 1024w, https:\/\/agora.xtec.cat\/ceip-joanmiro-barcelona\/wp-content\/uploads\/usu741\/2018\/04\/IMG_20180315_102053-300x168.jpg 300w, https:\/\/agora.xtec.cat\/ceip-joanmiro-barcelona\/wp-content\/uploads\/usu741\/2018\/04\/IMG_20180315_102053-768x431.jpg 768w\" sizes=\"auto, (max-width: 508px) 100vw, 508px\" \/><\/a><\/p>\n<p>&nbsp;<\/p>\n<p>&nbsp;<\/p>\n","protected":false},"excerpt":{"rendered":"<p>Hola fam\u00edlies,<br \/>\nEl passat 15 de mar\u00e7 va venir la gu\u00e0rdia urbana a fer-nos una explicaci\u00f3 de les normes de civisme que hem de tenir en compte per anar per la nostra ciutat.<br \/>\nUs deixem aquest recull de fotos.<br \/>\nClica la imatge per veure l&#8217;\u00c0lbum.<br \/>\n<a href=\"https:\/\/photos.google.com\/share\/AF1QipNYxLrY2zN4cFV9gfQgK1PPVWthXQNN7IGWAKu9S0rFx0HML704rti7LCJqGBBFQw?key=N043a0VIMW9kZldFbEg4NlVnMUJ5VXMxTzRRdDNB\"><\/a><br \/>\n&nbsp;<br \/>\n&nbsp;<\/p>\n","protected":false},"author":1,"featured_media":3619,"comment_status":"open","ping_status":"closed","sticky":false,"template":"","format":"standard","meta":{"_bbp_topic_count":0,"_bbp_reply_count":0,"_bbp_total_topic_count":0,"_bbp_total_reply_count":0,"_bbp_voice_count":0,"_bbp_anonymous_reply_count":0,"_bbp_topic_count_hidden":0,"_bbp_reply_count_hidden":0,"_bbp_forum_subforum_count":0,"footnotes":""},"categories":[1,10],"tags":[102],"class_list":["post-3618","post","type-post","status-publish","format-standard","has-post-thumbnail","hentry","category-general","category-promocio2022","tag-guepards-i-lleons"],"post_mailing_queue_ids":[],"_links":{"self":[{"href":"https:\/\/agora.xtec.cat\/ceip-joanmiro-barcelona\/wp-json\/wp\/v2\/posts\/3618","targetHints":{"allow":["GET"]}}],"collection":[{"href":"https:\/\/agora.xtec.cat\/ceip-joanmiro-barcelona\/wp-json\/wp\/v2\/posts"}],"about":[{"href":"https:\/\/agora.xtec.cat\/ceip-joanmiro-barcelona\/wp-json\/wp\/v2\/types\/post"}],"author":[{"embeddable":true,"href":"https:\/\/agora.xtec.cat\/ceip-joanmiro-barcelona\/wp-json\/wp\/v2\/users\/1"}],"replies":[{"embeddable":true,"href":"https:\/\/agora.xtec.cat\/ceip-joanmiro-barcelona\/wp-json\/wp\/v2\/comments?post=3618"}],"version-history":[{"count":3,"href":"https:\/\/agora.xtec.cat\/ceip-joanmiro-barcelona\/wp-json\/wp\/v2\/posts\/3618\/revisions"}],"predecessor-version":[{"id":3628,"href":"https:\/\/agora.xtec.cat\/ceip-joanmiro-barcelona\/wp-json\/wp\/v2\/posts\/3618\/revisions\/3628"}],"wp:featuredmedia":[{"embeddable":true,"href":"https:\/\/agora.xtec.cat\/ceip-joanmiro-barcelona\/wp-json\/wp\/v2\/media\/3619"}],"wp:attachment":[{"href":"https:\/\/agora.xtec.cat\/ceip-joanmiro-barcelona\/wp-json\/wp\/v2\/media?parent=3618"}],"wp:term":[{"taxonomy":"category","embeddable":true,"href":"https:\/\/agora.xtec.cat\/ceip-joanmiro-barcelona\/wp-json\/wp\/v2\/categories?post=3618"},{"taxonomy":"post_tag","embeddable":true,"href":"https:\/\/agora.xtec.cat\/ceip-joanmiro-barcelona\/wp-json\/wp\/v2\/tags?post=3618"}],"curies":[{"name":"wp","href":"https:\/\/api.w.org\/{rel}","templated":true}]}}