{"id":3219,"date":"2018-02-20T16:36:43","date_gmt":"2018-02-20T15:36:43","guid":{"rendered":"http:\/\/agora.xtec.cat\/ceip-joanmiro-barcelona\/?p=3219"},"modified":"2018-02-20T16:36:43","modified_gmt":"2018-02-20T15:36:43","slug":"fotos-colonies-2017-can-pic","status":"publish","type":"post","link":"https:\/\/agora.xtec.cat\/ceip-joanmiro-barcelona\/primaria\/fotos-colonies-2017-can-pic\/","title":{"rendered":"Fotos Col\u00f2nies 2017-Can PIC"},"content":{"rendered":"<p>Us deixem algunes de les fotos de les col\u00f2nies que vam fer a l&#8217;octubre, perqu\u00e8 veieu com de b\u00e9 ho vam passar. Cliqueu sobre el <a href=\"https:\/\/photos.app.goo.gl\/DMM8x01HUCCiKteH3\">seg\u00fcent enlla\u00e7 per veure tot l&#8217;\u00e0lbum.<\/a><\/p>\n<p>&nbsp;<\/p>\n","protected":false},"excerpt":{"rendered":"<p>Us deixem algunes de les fotos de les col\u00f2nies que vam fer a l&#8217;octubre, perqu\u00e8 veieu com de b\u00e9 ho vam passar. &hellip;  <a href=\"https:\/\/agora.xtec.cat\/ceip-joanmiro-barcelona\/primaria\/fotos-colonies-2017-can-pic\/\" title=\"Read Fotos Col\u00f2nies 2017-Can PIC\">Llegeix m\u00e9s\u00bb<\/a><\/p>\n","protected":false},"author":1,"featured_media":3375,"comment_status":"open","ping_status":"closed","sticky":false,"template":"","format":"standard","meta":{"_bbp_topic_count":0,"_bbp_reply_count":0,"_bbp_total_topic_count":0,"_bbp_total_reply_count":0,"_bbp_voice_count":0,"_bbp_anonymous_reply_count":0,"_bbp_topic_count_hidden":0,"_bbp_reply_count_hidden":0,"_bbp_forum_subforum_count":0,"footnotes":""},"categories":[5,12],"tags":[99,98],"class_list":["post-3219","post","type-post","status-publish","format-standard","has-post-thumbnail","hentry","category-primaria","category-promocio2020","tag-egipcis-i-egipcies","tag-romans-i-romanes"],"post_mailing_queue_ids":[],"_links":{"self":[{"href":"https:\/\/agora.xtec.cat\/ceip-joanmiro-barcelona\/wp-json\/wp\/v2\/posts\/3219","targetHints":{"allow":["GET"]}}],"collection":[{"href":"https:\/\/agora.xtec.cat\/ceip-joanmiro-barcelona\/wp-json\/wp\/v2\/posts"}],"about":[{"href":"https:\/\/agora.xtec.cat\/ceip-joanmiro-barcelona\/wp-json\/wp\/v2\/types\/post"}],"author":[{"embeddable":true,"href":"https:\/\/agora.xtec.cat\/ceip-joanmiro-barcelona\/wp-json\/wp\/v2\/users\/1"}],"replies":[{"embeddable":true,"href":"https:\/\/agora.xtec.cat\/ceip-joanmiro-barcelona\/wp-json\/wp\/v2\/comments?post=3219"}],"version-history":[{"count":3,"href":"https:\/\/agora.xtec.cat\/ceip-joanmiro-barcelona\/wp-json\/wp\/v2\/posts\/3219\/revisions"}],"predecessor-version":[{"id":3376,"href":"https:\/\/agora.xtec.cat\/ceip-joanmiro-barcelona\/wp-json\/wp\/v2\/posts\/3219\/revisions\/3376"}],"wp:featuredmedia":[{"embeddable":true,"href":"https:\/\/agora.xtec.cat\/ceip-joanmiro-barcelona\/wp-json\/wp\/v2\/media\/3375"}],"wp:attachment":[{"href":"https:\/\/agora.xtec.cat\/ceip-joanmiro-barcelona\/wp-json\/wp\/v2\/media?parent=3219"}],"wp:term":[{"taxonomy":"category","embeddable":true,"href":"https:\/\/agora.xtec.cat\/ceip-joanmiro-barcelona\/wp-json\/wp\/v2\/categories?post=3219"},{"taxonomy":"post_tag","embeddable":true,"href":"https:\/\/agora.xtec.cat\/ceip-joanmiro-barcelona\/wp-json\/wp\/v2\/tags?post=3219"}],"curies":[{"name":"wp","href":"https:\/\/api.w.org\/{rel}","templated":true}]}}