{"id":2843,"date":"2018-01-15T11:45:29","date_gmt":"2018-01-15T10:45:29","guid":{"rendered":"http:\/\/agora.xtec.cat\/ceip-joanmiro-barcelona\/?p=2843"},"modified":"2018-01-28T19:24:19","modified_gmt":"2018-01-28T18:24:19","slug":"ens-vista-el-punt-verd-mobil-escolar","status":"publish","type":"post","link":"https:\/\/agora.xtec.cat\/ceip-joanmiro-barcelona\/general\/ens-vista-el-punt-verd-mobil-escolar\/","title":{"rendered":"Ens visita el Punt Verd M\u00f2bil Escolar"},"content":{"rendered":"<p>Els alumnes de 1r, avui dimecres, hem visitat el Punt Verd M\u00f2bil Escolar. El Punt Verd M\u00f2bil Escolar \u00e9s un servei de recollida selectiva format per uns camions que visiten les escoles, per complir totes les funcions d\u2019un\u00a0Punt\u00a0Verd, per\u00f2\u00a0m\u00f2bil, i al mateix temps ajudar-nos en l\u2019educaci\u00f3 mediambiental de tots nosaltres. Hi hem pogut llen\u00e7ar totes aquells objectes que no podem abocar a un contenidor normal. Hi hem llen\u00e7at oli usat, moltes piles, estris de cuina vells, petits electrodom\u00e8stics, carregadors de m\u00f2vils&#8230;<\/p>\n<p><a href=\"http:\/\/agora.xtec.cat\/ceip-joanmiro-barcelona\/wp-content\/uploads\/usu741\/2018\/01\/IMG_0003.jpg\"><img loading=\"lazy\" decoding=\"async\" class=\"alignnone wp-image-2845\" src=\"http:\/\/agora.xtec.cat\/ceip-joanmiro-barcelona\/wp-content\/uploads\/usu741\/2018\/01\/IMG_0003.jpg\" alt=\"\" width=\"373\" height=\"280\" srcset=\"https:\/\/agora.xtec.cat\/ceip-joanmiro-barcelona\/wp-content\/uploads\/usu741\/2018\/01\/IMG_0003.jpg 640w, https:\/\/agora.xtec.cat\/ceip-joanmiro-barcelona\/wp-content\/uploads\/usu741\/2018\/01\/IMG_0003-300x225.jpg 300w, https:\/\/agora.xtec.cat\/ceip-joanmiro-barcelona\/wp-content\/uploads\/usu741\/2018\/01\/IMG_0003-200x150.jpg 200w\" sizes=\"auto, (max-width: 373px) 100vw, 373px\" \/><\/a>\u00a0\u00a0<a href=\"http:\/\/agora.xtec.cat\/ceip-joanmiro-barcelona\/wp-content\/uploads\/usu741\/2018\/01\/IMG_0002.jpg\"><img loading=\"lazy\" decoding=\"async\" class=\"alignnone wp-image-2844\" src=\"http:\/\/agora.xtec.cat\/ceip-joanmiro-barcelona\/wp-content\/uploads\/usu741\/2018\/01\/IMG_0002.jpg\" alt=\"\" width=\"373\" height=\"280\" srcset=\"https:\/\/agora.xtec.cat\/ceip-joanmiro-barcelona\/wp-content\/uploads\/usu741\/2018\/01\/IMG_0002.jpg 640w, https:\/\/agora.xtec.cat\/ceip-joanmiro-barcelona\/wp-content\/uploads\/usu741\/2018\/01\/IMG_0002-300x225.jpg 300w, https:\/\/agora.xtec.cat\/ceip-joanmiro-barcelona\/wp-content\/uploads\/usu741\/2018\/01\/IMG_0002-200x150.jpg 200w\" sizes=\"auto, (max-width: 373px) 100vw, 373px\" \/><\/a><\/p>\n","protected":false},"excerpt":{"rendered":"<p>Els alumnes de 1r, avui dimecres, hem visitat el Punt Verd M\u00f2bil Escolar. El Punt Verd M\u00f2bil Escolar \u00e9s un servei de recollida selectiva format per uns camions que visiten les escoles, per complir totes les funcions d\u2019un\u00a0Punt\u00a0Verd, per\u00f2\u00a0m\u00f2bil, i al mateix temps ajudar-nos en&hellip;  <a href=\"https:\/\/agora.xtec.cat\/ceip-joanmiro-barcelona\/general\/ens-vista-el-punt-verd-mobil-escolar\/\" title=\"Read Ens visita el Punt Verd M\u00f2bil Escolar\">Llegeix m\u00e9s\u00bb<\/a><\/p>\n","protected":false},"author":1,"featured_media":2844,"comment_status":"open","ping_status":"closed","sticky":false,"template":"","format":"standard","meta":{"_bbp_topic_count":0,"_bbp_reply_count":0,"_bbp_total_topic_count":0,"_bbp_total_reply_count":0,"_bbp_voice_count":0,"_bbp_anonymous_reply_count":0,"_bbp_topic_count_hidden":0,"_bbp_reply_count_hidden":0,"_bbp_forum_subforum_count":0,"footnotes":""},"categories":[1,4,5,9],"tags":[132],"class_list":["post-2843","post","type-post","status-publish","format-standard","has-post-thumbnail","hentry","category-general","category-portada","category-primaria","category-promocio2023","tag-girafes-i-tigres"],"post_mailing_queue_ids":[],"_links":{"self":[{"href":"https:\/\/agora.xtec.cat\/ceip-joanmiro-barcelona\/wp-json\/wp\/v2\/posts\/2843","targetHints":{"allow":["GET"]}}],"collection":[{"href":"https:\/\/agora.xtec.cat\/ceip-joanmiro-barcelona\/wp-json\/wp\/v2\/posts"}],"about":[{"href":"https:\/\/agora.xtec.cat\/ceip-joanmiro-barcelona\/wp-json\/wp\/v2\/types\/post"}],"author":[{"embeddable":true,"href":"https:\/\/agora.xtec.cat\/ceip-joanmiro-barcelona\/wp-json\/wp\/v2\/users\/1"}],"replies":[{"embeddable":true,"href":"https:\/\/agora.xtec.cat\/ceip-joanmiro-barcelona\/wp-json\/wp\/v2\/comments?post=2843"}],"version-history":[{"count":4,"href":"https:\/\/agora.xtec.cat\/ceip-joanmiro-barcelona\/wp-json\/wp\/v2\/posts\/2843\/revisions"}],"predecessor-version":[{"id":2927,"href":"https:\/\/agora.xtec.cat\/ceip-joanmiro-barcelona\/wp-json\/wp\/v2\/posts\/2843\/revisions\/2927"}],"wp:featuredmedia":[{"embeddable":true,"href":"https:\/\/agora.xtec.cat\/ceip-joanmiro-barcelona\/wp-json\/wp\/v2\/media\/2844"}],"wp:attachment":[{"href":"https:\/\/agora.xtec.cat\/ceip-joanmiro-barcelona\/wp-json\/wp\/v2\/media?parent=2843"}],"wp:term":[{"taxonomy":"category","embeddable":true,"href":"https:\/\/agora.xtec.cat\/ceip-joanmiro-barcelona\/wp-json\/wp\/v2\/categories?post=2843"},{"taxonomy":"post_tag","embeddable":true,"href":"https:\/\/agora.xtec.cat\/ceip-joanmiro-barcelona\/wp-json\/wp\/v2\/tags?post=2843"}],"curies":[{"name":"wp","href":"https:\/\/api.w.org\/{rel}","templated":true}]}}