{"id":2287,"date":"2017-11-17T10:39:58","date_gmt":"2017-11-17T09:39:58","guid":{"rendered":"http:\/\/agora.xtec.cat\/ceip-joanmiro-barcelona\/?p=2287"},"modified":"2018-01-08T09:40:15","modified_gmt":"2018-01-08T08:40:15","slug":"nadales-2017","status":"publish","type":"post","link":"https:\/\/agora.xtec.cat\/ceip-joanmiro-barcelona\/general\/nadales-2017\/","title":{"rendered":"Nadales 2017"},"content":{"rendered":"<p>&nbsp;<\/p>\n<h4><strong><span style=\"color: #008000;\">Nadala de P3<\/span><\/strong><\/h4>\n<p><iframe loading=\"lazy\" src=\"https:\/\/www.youtube.com\/embed\/CDdfuPM0VIE\" width=\"560\" height=\"315\" frameborder=\"0\" allowfullscreen=\"allowfullscreen\"><\/iframe><\/p>\n<h4><strong><span style=\"color: #008000;\">Nadala de P4<\/span><\/strong><\/h4>\n<p><iframe loading=\"lazy\" src=\"https:\/\/www.youtube.com\/embed\/mtf7khHbBzA\" width=\"560\" height=\"315\" frameborder=\"0\" allowfullscreen=\"allowfullscreen\"><\/iframe><\/p>\n<h4><strong><span style=\"color: #008000;\">Poema de Nadal de P5<\/span><\/strong><\/h4>\n<p><iframe loading=\"lazy\" src=\"https:\/\/www.youtube.com\/embed\/nccqTQzjuqM\" width=\"560\" height=\"315\" frameborder=\"0\" allowfullscreen=\"allowfullscreen\"><\/iframe><br \/>\nS&#8217;apropa el Nadal i per aix\u00f2 a l&#8217;escola hem comen\u00e7at a cantar nadales.<\/p>\n<h4><strong><span style=\"color: #008000;\">1r Rudolf, el petit c\u00e9rvol<\/span><\/strong><\/h4>\n<p><iframe loading=\"lazy\" src=\"\/\/www.youtube.com\/embed\/UyJj9WhM9IM\" width=\"560\" height=\"314\"><\/iframe><\/p>\n<p>&nbsp;<\/p>\n<h4><span style=\"color: #008000;\">2n So let&#8217;s rock, rock, rock&#8217;n roll<\/span><\/h4>\n<p><iframe loading=\"lazy\" src=\"\/\/www.youtube.com\/embed\/BOIeHgCFyqE\" width=\"560\" height=\"314\"><\/iframe><\/p>\n<p>&nbsp;<\/p>\n<h4><span style=\"color: #008000;\">3r Joguines<\/span><\/h4>\n<p><iframe loading=\"lazy\" src=\"\/\/www.youtube.com\/embed\/yHm7CalviJM\" width=\"560\" height=\"314\"><\/iframe><\/p>\n<h4><span style=\"color: #339966;\">4t Quan Somrius<\/span><\/h4>\n<p><iframe loading=\"lazy\" src=\"\/\/www.youtube.com\/embed\/KTPGNQcc03I\" width=\"560\" height=\"314\"><\/iframe><\/p>\n<p>&nbsp;<\/p>\n<h4><span style=\"color: #008000;\">5\u00e8 Estimo el Nadal<\/span><\/h4>\n<p><iframe loading=\"lazy\" src=\"\/\/www.youtube.com\/embed\/-wu9q-bR3Mw\" width=\"560\" height=\"314\"><\/iframe><\/p>\n<h4><span style=\"color: #008000;\">6\u00e8 Torna a ser Nadal<\/span><\/h4>\n<p><iframe loading=\"lazy\" src=\"https:\/\/www.youtube.com\/embed\/f3-ki18gfBc\" width=\"560\" height=\"315\" frameborder=\"0\" allowfullscreen=\"allowfullscreen\"><\/iframe><\/p>\n","protected":false},"excerpt":{"rendered":"<p>S&#8217;apropa el Nadal i per aix\u00f2 a l&#8217;escola hem comen\u00e7at a cantar nadales. Aqu\u00ed les teniu perqu\u00e8 les canteu tant com vulgueu!&hellip;  <a href=\"https:\/\/agora.xtec.cat\/ceip-joanmiro-barcelona\/general\/nadales-2017\/\" title=\"Read Nadales 2017\">Llegeix m\u00e9s\u00bb<\/a><\/p>\n","protected":false},"author":12,"featured_media":1102,"comment_status":"open","ping_status":"closed","sticky":false,"template":"","format":"standard","meta":{"_bbp_topic_count":0,"_bbp_reply_count":0,"_bbp_total_topic_count":0,"_bbp_total_reply_count":0,"_bbp_voice_count":0,"_bbp_anonymous_reply_count":0,"_bbp_topic_count_hidden":0,"_bbp_reply_count_hidden":0,"_bbp_forum_subforum_count":0,"footnotes":""},"categories":[150,31,1,2,32,4,5,14,13,12,11,10,9,8,30],"tags":[174,86,99,83,87,119,82,173,117,103,104,54,56,172,98,81,118],"class_list":["post-2287","post","type-post","status-publish","format-standard","has-post-thumbnail","hentry","category-sise","category-festes","category-general","category-infantil","category-nadal","category-portada","category-primaria","category-promocio2018","category-promocio2019","category-promocio2020","category-promocio2021","category-promocio2022","category-promocio2023","category-promocio2024","category-valors","tag-bruixots-i-bruixotes","tag-cassiopea","tag-egipcis-i-egipcies","tag-estels-i-nuvols","tag-estrella-polar","tag-everest","tag-fons-mari","tag-gegants-i-gegantes","tag-girafes","tag-guepards","tag-lleons","tag-pica-destats","tag-pol-nord","tag-pops-i-crancs","tag-romans-i-romanes","tag-sabana","tag-tigres"],"post_mailing_queue_ids":[],"_links":{"self":[{"href":"https:\/\/agora.xtec.cat\/ceip-joanmiro-barcelona\/wp-json\/wp\/v2\/posts\/2287","targetHints":{"allow":["GET"]}}],"collection":[{"href":"https:\/\/agora.xtec.cat\/ceip-joanmiro-barcelona\/wp-json\/wp\/v2\/posts"}],"about":[{"href":"https:\/\/agora.xtec.cat\/ceip-joanmiro-barcelona\/wp-json\/wp\/v2\/types\/post"}],"author":[{"embeddable":true,"href":"https:\/\/agora.xtec.cat\/ceip-joanmiro-barcelona\/wp-json\/wp\/v2\/users\/12"}],"replies":[{"embeddable":true,"href":"https:\/\/agora.xtec.cat\/ceip-joanmiro-barcelona\/wp-json\/wp\/v2\/comments?post=2287"}],"version-history":[{"count":4,"href":"https:\/\/agora.xtec.cat\/ceip-joanmiro-barcelona\/wp-json\/wp\/v2\/posts\/2287\/revisions"}],"predecessor-version":[{"id":2823,"href":"https:\/\/agora.xtec.cat\/ceip-joanmiro-barcelona\/wp-json\/wp\/v2\/posts\/2287\/revisions\/2823"}],"wp:featuredmedia":[{"embeddable":true,"href":"https:\/\/agora.xtec.cat\/ceip-joanmiro-barcelona\/wp-json\/wp\/v2\/media\/1102"}],"wp:attachment":[{"href":"https:\/\/agora.xtec.cat\/ceip-joanmiro-barcelona\/wp-json\/wp\/v2\/media?parent=2287"}],"wp:term":[{"taxonomy":"category","embeddable":true,"href":"https:\/\/agora.xtec.cat\/ceip-joanmiro-barcelona\/wp-json\/wp\/v2\/categories?post=2287"},{"taxonomy":"post_tag","embeddable":true,"href":"https:\/\/agora.xtec.cat\/ceip-joanmiro-barcelona\/wp-json\/wp\/v2\/tags?post=2287"}],"curies":[{"name":"wp","href":"https:\/\/api.w.org\/{rel}","templated":true}]}}