{"id":206,"date":"2015-12-03T12:06:13","date_gmt":"2015-12-03T11:06:13","guid":{"rendered":"http:\/\/agora.xtec.cat\/ceip-joanmiro-barcelona\/?p=206"},"modified":"2015-12-03T12:06:43","modified_gmt":"2015-12-03T11:06:43","slug":"calendari-dadvent","status":"publish","type":"post","link":"https:\/\/agora.xtec.cat\/ceip-joanmiro-barcelona\/general\/calendari-dadvent\/","title":{"rendered":"Calendari d&#8217;advent"},"content":{"rendered":"<p>L&#8217;advent \u00e9s un per\u00edode que comen\u00e7a quatre diumenges abans de Nadal i, per tant, pot ser d&#8217;extensi\u00f3 variable. Tradicionalment, al pa\u00efsos del nord d\u2019Europa, durant aquests dies d\u2019espera del Nadal, els nens tenen un\u00a0<a title=\"\" href=\"https:\/\/sites.google.com\/a\/xtec.cat\/calendari-d-advent-2015-eixample-i-horta-guinardo\/\" target=\"_blank\">calendari d&#8217;advent amb finestretes<\/a>, per obrir una cada dia, on s\u2019amaguen unes delicioses xocolatines, o en el nostre virtual un seguit de jocs, endevinalles i activitats.<\/p>\n<p><a href=\"https:\/\/sites.google.com\/a\/xtec.cat\/calendari-d-advent-2015-eixample-i-horta-guinardo\/\" target=\"_blank\"><img loading=\"lazy\" decoding=\"async\" class=\"alignnone size-full wp-image-207\" src=\"http:\/\/agora.xtec.cat\/ceip-joanmiro-barcelona\/wp-content\/uploads\/usu741\/2015\/12\/advent2015.jpg\" alt=\"advent2015\" width=\"200\" height=\"126\" \/><\/a><\/p>\n","protected":false},"excerpt":{"rendered":"<p>L&#8217;advent \u00e9s un per\u00edode que comen\u00e7a quatre diumenges abans de Nadal i, per tant, pot ser d&#8217;extensi\u00f3 variable. Tradicionalment, al pa\u00efsos del nord d\u2019Europa, durant aquests dies d\u2019espera del Nadal, els nens tenen un\u00a0<a title=\"\" href=\"https:\/\/sites.google.com\/a\/xtec.cat\/calendari-d-advent-2015-eixample-i-horta-guinardo\/\" target=\"_blank\">calendari d&#8217;advent amb finestretes<\/a>, per obrir una cada dia,&hellip;  <a href=\"https:\/\/agora.xtec.cat\/ceip-joanmiro-barcelona\/general\/calendari-dadvent\/\" title=\"Read Calendari d&#8217;advent\">Llegeix m\u00e9s\u00bb<\/a><\/p>\n","protected":false},"author":1,"featured_media":0,"comment_status":"open","ping_status":"open","sticky":false,"template":"","format":"standard","meta":{"_bbp_topic_count":0,"_bbp_reply_count":0,"_bbp_total_topic_count":0,"_bbp_total_reply_count":0,"_bbp_voice_count":0,"_bbp_anonymous_reply_count":0,"_bbp_topic_count_hidden":0,"_bbp_reply_count_hidden":0,"_bbp_forum_subforum_count":0,"footnotes":""},"categories":[1,4],"tags":[],"class_list":["post-206","post","type-post","status-publish","format-standard","hentry","category-general","category-portada"],"post_mailing_queue_ids":[],"_links":{"self":[{"href":"https:\/\/agora.xtec.cat\/ceip-joanmiro-barcelona\/wp-json\/wp\/v2\/posts\/206","targetHints":{"allow":["GET"]}}],"collection":[{"href":"https:\/\/agora.xtec.cat\/ceip-joanmiro-barcelona\/wp-json\/wp\/v2\/posts"}],"about":[{"href":"https:\/\/agora.xtec.cat\/ceip-joanmiro-barcelona\/wp-json\/wp\/v2\/types\/post"}],"author":[{"embeddable":true,"href":"https:\/\/agora.xtec.cat\/ceip-joanmiro-barcelona\/wp-json\/wp\/v2\/users\/1"}],"replies":[{"embeddable":true,"href":"https:\/\/agora.xtec.cat\/ceip-joanmiro-barcelona\/wp-json\/wp\/v2\/comments?post=206"}],"version-history":[{"count":1,"href":"https:\/\/agora.xtec.cat\/ceip-joanmiro-barcelona\/wp-json\/wp\/v2\/posts\/206\/revisions"}],"predecessor-version":[{"id":208,"href":"https:\/\/agora.xtec.cat\/ceip-joanmiro-barcelona\/wp-json\/wp\/v2\/posts\/206\/revisions\/208"}],"wp:attachment":[{"href":"https:\/\/agora.xtec.cat\/ceip-joanmiro-barcelona\/wp-json\/wp\/v2\/media?parent=206"}],"wp:term":[{"taxonomy":"category","embeddable":true,"href":"https:\/\/agora.xtec.cat\/ceip-joanmiro-barcelona\/wp-json\/wp\/v2\/categories?post=206"},{"taxonomy":"post_tag","embeddable":true,"href":"https:\/\/agora.xtec.cat\/ceip-joanmiro-barcelona\/wp-json\/wp\/v2\/tags?post=206"}],"curies":[{"name":"wp","href":"https:\/\/api.w.org\/{rel}","templated":true}]}}