{"id":1949,"date":"2017-06-12T12:32:10","date_gmt":"2017-06-12T10:32:10","guid":{"rendered":"http:\/\/agora.xtec.cat\/ceip-joanmiro-barcelona\/?p=1949"},"modified":"2017-06-12T12:35:14","modified_gmt":"2017-06-12T10:35:14","slug":"xvii-jornada-del-cami-amic","status":"publish","type":"post","link":"https:\/\/agora.xtec.cat\/ceip-joanmiro-barcelona\/general\/xvii-jornada-del-cami-amic\/","title":{"rendered":"XVII Jornada del Cam\u00ed Amic"},"content":{"rendered":"<p>&nbsp;<\/p>\n<p>Enguany la <strong>XVII Jornada Anual del Cam\u00ed Amic<\/strong>\u00a0ha arribat a la seva disetena edici\u00f3. Una esperada celebraci\u00f3 on s&#8217;han \u00a0retrobat tots l&#8217;alumnat, han gaudit de la festa i hem avan\u00e7at plegats en el desig de promoure un \u00fas del carrer, de l\u2019espai p\u00fablic, m\u00e9s just i respectu\u00f3s amb tothom.<\/p>\n<p>\u00c9s una trobada que celebrem en xarxa entre totes les escoles participants i les entitats del Cam\u00ed Amic, en la que s\u2019organitzen diferents activitats per\u00a0 escolars de totes les edats (cicle infantil, inicial, mitj\u00e0 i superior).<\/p>\n<p>Ha tingut lloc en diversos espais del parc de l\u2019Escorxador, a un pati d\u2019escola itinerant, als jardins Paula Montal i al tram de C\/ Consell de cent entre Viladomat i Borrell, on es talla el carrer en una acci\u00f3 simb\u00f2lica per reivindicar que el carrer tamb\u00e9 \u00e9s per als infants.<strong><br \/>\n<\/strong><\/p>\n<p>Aquest any 2017 el treball intern a les aules ha estat la contaminaci\u00f3. Perqu\u00e8 entenem que nom\u00e9s visibilitzant el problema podrem afrontar possibles solucions. Fruit d\u2019aquest estudi s\u2019ha dut a terme el projecte <strong>CAMINA I RESPIRA.<\/strong><\/p>\n<p><a href=\"https:\/\/photos.google.com\/share\/AF1QipPF_g5O325Ao9l-UxU1Xm-VUZGo_72_DqFy5z-NG3UktjTa4aZGWKUM3oNcUjnEnQ?key=OWdYMzVmNGp3b05HcGEzaGRFdWZzekpQUFN0Qk1n\">Si cliqueu a aquest enlla\u00e7 podreu veure un resum fotogr\u00e0fic de la jornada.<\/a><\/p>\n<p>&nbsp;<\/p>\n","protected":false},"excerpt":{"rendered":"<p>Enguany la XVII Jornada Anual del Cam\u00ed Amic ha arribat a la seva disetena edici\u00f3. Una esperada celebraci\u00f3 on s&#8217;han  retrobat tots l&#8217;alumnat, han gaudit de la festa i hem avan\u00e7at plegats en el desig de promoure un \u00fas del carrer, de l\u2019espai p\u00fablic, m\u00e9s just i respectu\u00f3s amb tothom.&hellip;  <a href=\"https:\/\/agora.xtec.cat\/ceip-joanmiro-barcelona\/general\/xvii-jornada-del-cami-amic\/\" title=\"Read XVII Jornada del Cam\u00ed Amic\">Llegeix m\u00e9s\u00bb<\/a><\/p>\n","protected":false},"author":1,"featured_media":1950,"comment_status":"open","ping_status":"closed","sticky":false,"template":"","format":"standard","meta":{"_bbp_topic_count":0,"_bbp_reply_count":0,"_bbp_total_topic_count":0,"_bbp_total_reply_count":0,"_bbp_voice_count":0,"_bbp_anonymous_reply_count":0,"_bbp_topic_count_hidden":0,"_bbp_reply_count_hidden":0,"_bbp_forum_subforum_count":0,"footnotes":""},"categories":[1,2,4,5,30],"tags":[],"class_list":["post-1949","post","type-post","status-publish","format-standard","has-post-thumbnail","hentry","category-general","category-infantil","category-portada","category-primaria","category-valors"],"post_mailing_queue_ids":[],"_links":{"self":[{"href":"https:\/\/agora.xtec.cat\/ceip-joanmiro-barcelona\/wp-json\/wp\/v2\/posts\/1949","targetHints":{"allow":["GET"]}}],"collection":[{"href":"https:\/\/agora.xtec.cat\/ceip-joanmiro-barcelona\/wp-json\/wp\/v2\/posts"}],"about":[{"href":"https:\/\/agora.xtec.cat\/ceip-joanmiro-barcelona\/wp-json\/wp\/v2\/types\/post"}],"author":[{"embeddable":true,"href":"https:\/\/agora.xtec.cat\/ceip-joanmiro-barcelona\/wp-json\/wp\/v2\/users\/1"}],"replies":[{"embeddable":true,"href":"https:\/\/agora.xtec.cat\/ceip-joanmiro-barcelona\/wp-json\/wp\/v2\/comments?post=1949"}],"version-history":[{"count":2,"href":"https:\/\/agora.xtec.cat\/ceip-joanmiro-barcelona\/wp-json\/wp\/v2\/posts\/1949\/revisions"}],"predecessor-version":[{"id":1952,"href":"https:\/\/agora.xtec.cat\/ceip-joanmiro-barcelona\/wp-json\/wp\/v2\/posts\/1949\/revisions\/1952"}],"wp:featuredmedia":[{"embeddable":true,"href":"https:\/\/agora.xtec.cat\/ceip-joanmiro-barcelona\/wp-json\/wp\/v2\/media\/1950"}],"wp:attachment":[{"href":"https:\/\/agora.xtec.cat\/ceip-joanmiro-barcelona\/wp-json\/wp\/v2\/media?parent=1949"}],"wp:term":[{"taxonomy":"category","embeddable":true,"href":"https:\/\/agora.xtec.cat\/ceip-joanmiro-barcelona\/wp-json\/wp\/v2\/categories?post=1949"},{"taxonomy":"post_tag","embeddable":true,"href":"https:\/\/agora.xtec.cat\/ceip-joanmiro-barcelona\/wp-json\/wp\/v2\/tags?post=1949"}],"curies":[{"name":"wp","href":"https:\/\/api.w.org\/{rel}","templated":true}]}}