{"id":1868,"date":"2017-05-22T15:35:59","date_gmt":"2017-05-22T13:35:59","guid":{"rendered":"http:\/\/agora.xtec.cat\/ceip-joanmiro-barcelona\/?p=1868"},"modified":"2017-05-22T15:41:08","modified_gmt":"2017-05-22T13:41:08","slug":"the-school-wears-tapies-a-la-xarxa-de-cb","status":"publish","type":"post","link":"https:\/\/agora.xtec.cat\/ceip-joanmiro-barcelona\/general\/the-school-wears-tapies-a-la-xarxa-de-cb\/","title":{"rendered":"&#8216;The school wears T\u00e0pies&#8217; a la Xarxa de Compet\u00e8ncies B\u00e0siques"},"content":{"rendered":"<p>Antoni T\u00e0pies ha sigut l\u2019artista que hem escollit aquest curs com a font d\u2019inspiraci\u00f3 per a realitzar l\u2019exposici\u00f3 pl\u00e0stica de la setmana cultural.<img loading=\"lazy\" decoding=\"async\" class=\"alignnone size-medium wp-image-1869 alignright\" src=\"http:\/\/agora.xtec.cat\/ceip-joanmiro-barcelona\/wp-content\/uploads\/usu741\/2017\/05\/Tapies-xarxa-300x86.jpg\" alt=\"Tapies xarxa\" width=\"300\" height=\"86\" srcset=\"https:\/\/agora.xtec.cat\/ceip-joanmiro-barcelona\/wp-content\/uploads\/usu741\/2017\/05\/Tapies-xarxa-300x86.jpg 300w, https:\/\/agora.xtec.cat\/ceip-joanmiro-barcelona\/wp-content\/uploads\/usu741\/2017\/05\/Tapies-xarxa-768x221.jpg 768w, https:\/\/agora.xtec.cat\/ceip-joanmiro-barcelona\/wp-content\/uploads\/usu741\/2017\/05\/Tapies-xarxa.jpg 1000w\" sizes=\"auto, (max-width: 300px) 100vw, 300px\" \/><\/p>\n<p>El nivell de segon, hem fet un petit projecte anomenat\u00a0<em>The School wears T\u00e0pies<\/em> responent aquesta pregunta: <em>\u201cHow would Antoni T\u00e0pies prepare the exposition for Year 2 during the Setmana Cultural at our school?\u201d\u00a0<\/em>(Com s\u2019ho faria Antoni T\u00e0pies per preparar l\u2019exposici\u00f3 de segon durant la setmana cultural de l\u2019escola?).<\/p>\n<p>Aquest projecte es va presentar el passat dissabte 20 de maig a la XV Jornada Anual de la Xarxa de Compet\u00e8ncies B\u00e0siques.<\/p>\n<p>Hem desenvolupat diferents compet\u00e8ncies, especialment les comunicatives (llengua oral i escrita en catal\u00e0 i angl\u00e8s) i l\u2019art\u00edstica. La compet\u00e8ncia d\u2019aprendre a aprendre , la d\u2019iniciativa i autonomia personal han sigut tamb\u00e9 de gran rellev\u00e0ncia .<\/p>\n<p>Per acabar, el nostre producte final es centra en organitzar l\u2019exposici\u00f3 art\u00edstica de la nostra setmana cultural. Us convidem a\u00a0<a href=\"http:\/\/blocs.xtec.cat\/xcbprojecte170\">visitar el bloc del projecte<\/a>.<\/p>\n<p>&nbsp;<\/p>\n","protected":false},"excerpt":{"rendered":"<p>El nivell de segon, hem fet un petit projecte anomenat The School wears T\u00e0pies responent aquesta pregunta: \u201cHow would Antoni T\u00e0pies prepare the exposition for Year 2 during the Setmana Cultural at our school?\u201d (Com s\u2019ho faria Antoni T\u00e0pies per preparar l\u2019exposici\u00f3 de segon durant la setmana cultural de l\u2019escola?). Aquest projecte es va presentar el passat dissabte 20 de maig a la XV Jornada Anual de la Xarxa de Compet\u00e8ncies B\u00e0siques.&hellip;  <a href=\"https:\/\/agora.xtec.cat\/ceip-joanmiro-barcelona\/general\/the-school-wears-tapies-a-la-xarxa-de-cb\/\" title=\"Read &#8216;The school wears T\u00e0pies&#8217; a la Xarxa de Compet\u00e8ncies B\u00e0siques\">Llegeix m\u00e9s\u00bb<\/a><\/p>\n","protected":false},"author":1,"featured_media":1869,"comment_status":"open","ping_status":"open","sticky":false,"template":"","format":"standard","meta":{"_bbp_topic_count":0,"_bbp_reply_count":0,"_bbp_total_topic_count":0,"_bbp_total_reply_count":0,"_bbp_voice_count":0,"_bbp_anonymous_reply_count":0,"_bbp_topic_count_hidden":0,"_bbp_reply_count_hidden":0,"_bbp_forum_subforum_count":0,"footnotes":""},"categories":[1,120,4,5,11],"tags":[108,82,56,130,81,131,41],"class_list":["post-1868","post","type-post","status-publish","format-standard","has-post-thumbnail","hentry","category-general","category-plastica","category-portada","category-primaria","category-promocio2021","tag-angles","tag-fons-mari","tag-pol-nord","tag-projecte","tag-sabana","tag-tapies","tag-xarxa"],"post_mailing_queue_ids":[],"_links":{"self":[{"href":"https:\/\/agora.xtec.cat\/ceip-joanmiro-barcelona\/wp-json\/wp\/v2\/posts\/1868","targetHints":{"allow":["GET"]}}],"collection":[{"href":"https:\/\/agora.xtec.cat\/ceip-joanmiro-barcelona\/wp-json\/wp\/v2\/posts"}],"about":[{"href":"https:\/\/agora.xtec.cat\/ceip-joanmiro-barcelona\/wp-json\/wp\/v2\/types\/post"}],"author":[{"embeddable":true,"href":"https:\/\/agora.xtec.cat\/ceip-joanmiro-barcelona\/wp-json\/wp\/v2\/users\/1"}],"replies":[{"embeddable":true,"href":"https:\/\/agora.xtec.cat\/ceip-joanmiro-barcelona\/wp-json\/wp\/v2\/comments?post=1868"}],"version-history":[{"count":3,"href":"https:\/\/agora.xtec.cat\/ceip-joanmiro-barcelona\/wp-json\/wp\/v2\/posts\/1868\/revisions"}],"predecessor-version":[{"id":1873,"href":"https:\/\/agora.xtec.cat\/ceip-joanmiro-barcelona\/wp-json\/wp\/v2\/posts\/1868\/revisions\/1873"}],"wp:featuredmedia":[{"embeddable":true,"href":"https:\/\/agora.xtec.cat\/ceip-joanmiro-barcelona\/wp-json\/wp\/v2\/media\/1869"}],"wp:attachment":[{"href":"https:\/\/agora.xtec.cat\/ceip-joanmiro-barcelona\/wp-json\/wp\/v2\/media?parent=1868"}],"wp:term":[{"taxonomy":"category","embeddable":true,"href":"https:\/\/agora.xtec.cat\/ceip-joanmiro-barcelona\/wp-json\/wp\/v2\/categories?post=1868"},{"taxonomy":"post_tag","embeddable":true,"href":"https:\/\/agora.xtec.cat\/ceip-joanmiro-barcelona\/wp-json\/wp\/v2\/tags?post=1868"}],"curies":[{"name":"wp","href":"https:\/\/api.w.org\/{rel}","templated":true}]}}