{"id":13791,"date":"2026-04-19T20:07:51","date_gmt":"2026-04-19T18:07:51","guid":{"rendered":"https:\/\/agora.xtec.cat\/ceip-joanmiro-barcelona\/?p=13791"},"modified":"2026-04-19T20:07:51","modified_gmt":"2026-04-19T18:07:51","slug":"5e-practica-skate-i-scooter-a-educacio-fisica","status":"publish","type":"post","link":"https:\/\/agora.xtec.cat\/ceip-joanmiro-barcelona\/general\/5e-practica-skate-i-scooter-a-educacio-fisica\/","title":{"rendered":"5\u00e8 practica skate i scooter a Educaci\u00f3 F\u00edsica!"},"content":{"rendered":"<p data-start=\"176\" data-end=\"288\">Els nens i nenes de 5\u00e8 Mediterrani i Carib hem estat practicant skate i scooter a les classes d\u2019Educaci\u00f3 F\u00edsica.<\/p>\n<p data-start=\"290\" data-end=\"544\">Hem anat a les pistes del parc Joan Mir\u00f3 durant els dies d\u2019Educaci\u00f3 F\u00edsica, els dimecres i els divendres, i hi hem treballat durant tres setmanes. Per aprendre i millorar, hem fet jocs molt divertits que ens han ajudat a agafar m\u00e9s equilibri i confian\u00e7a.<\/p>\n<p data-start=\"546\" data-end=\"794\">Tamb\u00e9 hem apr\u00e8s coses noves, com per exemple que si portes el peu esquerre davant ets <em data-start=\"632\" data-end=\"641\">regular<\/em> i si portes el dret ets <em data-start=\"666\" data-end=\"673\">goofy<\/em>. A m\u00e9s, ens han ensenyat com pujar i baixar b\u00e9 del skate i del scooter, i fins i tot hem comen\u00e7at a provar alguns trucs!<\/p>\n<p data-start=\"796\" data-end=\"949\">Gr\u00e0cies a tot aquest aprenentatge, el dia 14 de maig anirem d\u2019excursi\u00f3 a l\u2019Hospitalet per continuar practicant i posant en pr\u00e0ctica tot el que hem apr\u00e8s.<\/p>\n<p data-start=\"796\" data-end=\"949\">David, Nayara, Yeva i Oriol<\/p>\n<p data-start=\"796\" data-end=\"949\">\n<p data-start=\"796\" data-end=\"949\"><a href=\"https:\/\/agora.xtec.cat\/ceip-joanmiro-barcelona\/wp-content\/uploads\/usu741\/2026\/04\/Disseny-sense-titol.png\"><img loading=\"lazy\" decoding=\"async\" class=\"alignnone size-large wp-image-13798\" src=\"https:\/\/agora.xtec.cat\/ceip-joanmiro-barcelona\/wp-content\/uploads\/usu741\/2026\/04\/Disseny-sense-titol-1024x576.png\" alt=\"\" width=\"1024\" height=\"576\" srcset=\"https:\/\/agora.xtec.cat\/ceip-joanmiro-barcelona\/wp-content\/uploads\/usu741\/2026\/04\/Disseny-sense-titol-1024x576.png 1024w, https:\/\/agora.xtec.cat\/ceip-joanmiro-barcelona\/wp-content\/uploads\/usu741\/2026\/04\/Disseny-sense-titol-300x169.png 300w, https:\/\/agora.xtec.cat\/ceip-joanmiro-barcelona\/wp-content\/uploads\/usu741\/2026\/04\/Disseny-sense-titol-768x432.png 768w, https:\/\/agora.xtec.cat\/ceip-joanmiro-barcelona\/wp-content\/uploads\/usu741\/2026\/04\/Disseny-sense-titol-1536x864.png 1536w, https:\/\/agora.xtec.cat\/ceip-joanmiro-barcelona\/wp-content\/uploads\/usu741\/2026\/04\/Disseny-sense-titol.png 1920w\" sizes=\"auto, (max-width: 1024px) 100vw, 1024px\" \/><\/a><\/p>\n","protected":false},"excerpt":{"rendered":"<p>Els nens i nenes de 5\u00e8 Mediterrani i Carib hem estat practicant skate i scooter a les classes d\u2019Educaci\u00f3 F\u00edsica.<br \/>\nHem anat a les pistes del parc Joan Mir\u00f3 durant els dies d\u2019Educaci\u00f3 F\u00edsica, els dimecres i els divendres, i hi hem treballat durant tres setmanes.&hellip;  <a href=\"https:\/\/agora.xtec.cat\/ceip-joanmiro-barcelona\/general\/5e-practica-skate-i-scooter-a-educacio-fisica\/\" title=\"Read 5\u00e8 practica skate i scooter a Educaci\u00f3 F\u00edsica!\">Llegeix m\u00e9s\u00bb<\/a><\/p>\n","protected":false},"author":116,"featured_media":13792,"comment_status":"open","ping_status":"open","sticky":false,"template":"","format":"standard","meta":{"_bbp_topic_count":0,"_bbp_reply_count":0,"_bbp_total_topic_count":0,"_bbp_total_reply_count":0,"_bbp_voice_count":0,"_bbp_anonymous_reply_count":0,"_bbp_topic_count_hidden":0,"_bbp_reply_count_hidden":0,"_bbp_forum_subforum_count":0,"footnotes":""},"categories":[177,1,4],"tags":[206,339,348,347],"class_list":["post-13791","post","type-post","status-publish","format-standard","has-post-thumbnail","hentry","category-cinque","category-general","category-portada","tag-5e","tag-educaciofisica","tag-scooter","tag-skate"],"post_mailing_queue_ids":[],"_links":{"self":[{"href":"https:\/\/agora.xtec.cat\/ceip-joanmiro-barcelona\/wp-json\/wp\/v2\/posts\/13791","targetHints":{"allow":["GET"]}}],"collection":[{"href":"https:\/\/agora.xtec.cat\/ceip-joanmiro-barcelona\/wp-json\/wp\/v2\/posts"}],"about":[{"href":"https:\/\/agora.xtec.cat\/ceip-joanmiro-barcelona\/wp-json\/wp\/v2\/types\/post"}],"author":[{"embeddable":true,"href":"https:\/\/agora.xtec.cat\/ceip-joanmiro-barcelona\/wp-json\/wp\/v2\/users\/116"}],"replies":[{"embeddable":true,"href":"https:\/\/agora.xtec.cat\/ceip-joanmiro-barcelona\/wp-json\/wp\/v2\/comments?post=13791"}],"version-history":[{"count":2,"href":"https:\/\/agora.xtec.cat\/ceip-joanmiro-barcelona\/wp-json\/wp\/v2\/posts\/13791\/revisions"}],"predecessor-version":[{"id":13800,"href":"https:\/\/agora.xtec.cat\/ceip-joanmiro-barcelona\/wp-json\/wp\/v2\/posts\/13791\/revisions\/13800"}],"wp:featuredmedia":[{"embeddable":true,"href":"https:\/\/agora.xtec.cat\/ceip-joanmiro-barcelona\/wp-json\/wp\/v2\/media\/13792"}],"wp:attachment":[{"href":"https:\/\/agora.xtec.cat\/ceip-joanmiro-barcelona\/wp-json\/wp\/v2\/media?parent=13791"}],"wp:term":[{"taxonomy":"category","embeddable":true,"href":"https:\/\/agora.xtec.cat\/ceip-joanmiro-barcelona\/wp-json\/wp\/v2\/categories?post=13791"},{"taxonomy":"post_tag","embeddable":true,"href":"https:\/\/agora.xtec.cat\/ceip-joanmiro-barcelona\/wp-json\/wp\/v2\/tags?post=13791"}],"curies":[{"name":"wp","href":"https:\/\/api.w.org\/{rel}","templated":true}]}}