{"id":1379,"date":"2018-01-19T00:28:49","date_gmt":"2018-01-18T23:28:49","guid":{"rendered":"http:\/\/agora.xtec.cat\/ceip-joanmiro-barcelona\/?p=1379"},"modified":"2018-01-19T15:42:57","modified_gmt":"2018-01-19T14:42:57","slug":"canco-del-dia-de-la-pau-i-la-no-violencia-2017","status":"publish","type":"post","link":"https:\/\/agora.xtec.cat\/ceip-joanmiro-barcelona\/general\/canco-del-dia-de-la-pau-i-la-no-violencia-2017\/","title":{"rendered":"Can\u00e7\u00f3 del dia de la Pau 2018"},"content":{"rendered":"<p>Aquest v\u00eddeo \u00e9s la can\u00e7\u00f3 que farem de cloenda el dia de la Pau i la No viol\u00e8ncia 2018. Aqu\u00ed la teniu perqu\u00e8 la pugueu cantar a casa.\u00a0Aquest v\u00eddeo \u00e9s la vers\u00ed\u00f3 en catal\u00e0 del grup Margarett de la can\u00e7\u00f3 d&#8217;Antonio Flores <em>No dudar\u00eda<\/em>. La forma de cantar-la s&#8217;assembla molt a la Rosario Flores, encara que no la canti ella.<\/p>\n<div style=\"width: 640px;\" class=\"wp-video\"><!--[if lt IE 9]><script>document.createElement('video');<\/script><![endif]-->\n<video class=\"wp-video-shortcode\" id=\"video-1379-1\" width=\"640\" height=\"360\" preload=\"metadata\" controls=\"controls\"><source type=\"video\/webm\" src=\"http:\/\/agora.xtec.cat\/ceip-joanmiro-barcelona\/wp-content\/uploads\/usu741\/2017\/01\/No-dubtaria.webm?_=1\" \/><a href=\"http:\/\/agora.xtec.cat\/ceip-joanmiro-barcelona\/wp-content\/uploads\/usu741\/2017\/01\/No-dubtaria.webm\">http:\/\/agora.xtec.cat\/ceip-joanmiro-barcelona\/wp-content\/uploads\/usu741\/2017\/01\/No-dubtaria.webm<\/a><\/video><\/div>\n","protected":false},"excerpt":{"rendered":"<p>Aquest v\u00eddeo \u00e9s la can\u00e7\u00f3 que farem de cloenda el dia de la Pau i la No viol\u00e8ncia 2018. Aqu\u00ed la teniu perqu\u00e8 la pugueu cantar a casa.\u00a0Aquest v\u00eddeo \u00e9s la vers\u00ed\u00f3 en catal\u00e0 del grup Margarett de la can\u00e7\u00f3 d&#8217;Antonio Flores No dudar\u00eda. La&hellip;  <a href=\"https:\/\/agora.xtec.cat\/ceip-joanmiro-barcelona\/general\/canco-del-dia-de-la-pau-i-la-no-violencia-2017\/\" title=\"Read Can\u00e7\u00f3 del dia de la Pau 2018\">Llegeix m\u00e9s\u00bb<\/a><\/p>\n","protected":false},"author":12,"featured_media":0,"comment_status":"open","ping_status":"closed","sticky":false,"template":"","format":"standard","meta":{"_bbp_topic_count":0,"_bbp_reply_count":0,"_bbp_total_topic_count":0,"_bbp_total_reply_count":0,"_bbp_voice_count":0,"_bbp_anonymous_reply_count":0,"_bbp_topic_count_hidden":0,"_bbp_reply_count_hidden":0,"_bbp_forum_subforum_count":0,"footnotes":""},"categories":[31,1,2,4,5,14,13,12,11,10,9,8,30],"tags":[],"class_list":["post-1379","post","type-post","status-publish","format-standard","hentry","category-festes","category-general","category-infantil","category-portada","category-primaria","category-promocio2018","category-promocio2019","category-promocio2020","category-promocio2021","category-promocio2022","category-promocio2023","category-promocio2024","category-valors"],"post_mailing_queue_ids":[],"_links":{"self":[{"href":"https:\/\/agora.xtec.cat\/ceip-joanmiro-barcelona\/wp-json\/wp\/v2\/posts\/1379","targetHints":{"allow":["GET"]}}],"collection":[{"href":"https:\/\/agora.xtec.cat\/ceip-joanmiro-barcelona\/wp-json\/wp\/v2\/posts"}],"about":[{"href":"https:\/\/agora.xtec.cat\/ceip-joanmiro-barcelona\/wp-json\/wp\/v2\/types\/post"}],"author":[{"embeddable":true,"href":"https:\/\/agora.xtec.cat\/ceip-joanmiro-barcelona\/wp-json\/wp\/v2\/users\/12"}],"replies":[{"embeddable":true,"href":"https:\/\/agora.xtec.cat\/ceip-joanmiro-barcelona\/wp-json\/wp\/v2\/comments?post=1379"}],"version-history":[{"count":4,"href":"https:\/\/agora.xtec.cat\/ceip-joanmiro-barcelona\/wp-json\/wp\/v2\/posts\/1379\/revisions"}],"predecessor-version":[{"id":2849,"href":"https:\/\/agora.xtec.cat\/ceip-joanmiro-barcelona\/wp-json\/wp\/v2\/posts\/1379\/revisions\/2849"}],"wp:attachment":[{"href":"https:\/\/agora.xtec.cat\/ceip-joanmiro-barcelona\/wp-json\/wp\/v2\/media?parent=1379"}],"wp:term":[{"taxonomy":"category","embeddable":true,"href":"https:\/\/agora.xtec.cat\/ceip-joanmiro-barcelona\/wp-json\/wp\/v2\/categories?post=1379"},{"taxonomy":"post_tag","embeddable":true,"href":"https:\/\/agora.xtec.cat\/ceip-joanmiro-barcelona\/wp-json\/wp\/v2\/tags?post=1379"}],"curies":[{"name":"wp","href":"https:\/\/api.w.org\/{rel}","templated":true}]}}