{"id":13680,"date":"2026-02-25T15:43:29","date_gmt":"2026-02-25T14:43:29","guid":{"rendered":"https:\/\/agora.xtec.cat\/ceip-joanmiro-barcelona\/?p=13680"},"modified":"2026-02-25T15:43:29","modified_gmt":"2026-02-25T14:43:29","slug":"6e-recapta-diners-per-al-viatge-de-final-de-curs","status":"publish","type":"post","link":"https:\/\/agora.xtec.cat\/ceip-joanmiro-barcelona\/general\/6e-recapta-diners-per-al-viatge-de-final-de-curs\/","title":{"rendered":"6\u00e8 recapta diners per al viatge de final de  curs!"},"content":{"rendered":"<p><span style=\"font-weight: 400;\">Els nens i nenes de 6\u00e8 estan recaptant diners per al viatge de final de curs. Estan fent una s\u00e8rie d\u2019actes per obtenir els diners necessaris per no gastar tants diners per al viatge a Campdev\u00e0nol. Alguns actes s\u00f3n els coneguts berenars de 6\u00e8 que es fan divendres cada quinze dies, el sorteig de Sant Jordi, que col\u00b7laboren v\u00e0ries fam\u00edlies de 6\u00e8 amb els premis, les pel\u00b7l\u00edcules amb crispetes, les roses de sant Jordi\u2026<\/span><\/p>\n<p><span style=\"font-weight: 400;\">El viatge ser\u00e0 de 5 dies a Campdev\u00e0nol un poble a prop de Ripoll i farem activitats molt divertides com un bosc vertical, tirolines, excursions\u2026 Ajudeu-nos comprant butlletes i venint a tots els actes que fem, aqu\u00ed a l\u2019escola Joan Mir\u00f3!<\/span><\/p>\n<p><span style=\"font-weight: 400;\">Moltes gr\u00e0cies per col\u00b7laborar amb les classes de 6\u00e8, Tibidabo i Montju\u00efc us ho agraeixen.<\/span><\/p>\n<p><span style=\"font-weight: 400;\">Fet per: Valentina Marin, Vera Lozano i Alex Borras.<\/span><\/p>\n<p>&nbsp;<\/p>\n<p>&nbsp;<\/p>\n","protected":false},"excerpt":{"rendered":"<p>Els nens i nenes de 6\u00e8 estan recaptant diners per al viatge de final de curs. Estan fent una s\u00e8rie d\u2019actes per obtenir els diners necessaris per no gastar tants diners per al viatge a Campdev\u00e0nol. Alguns actes s\u00f3n els coneguts berenars de 6\u00e8 que&hellip;  <a href=\"https:\/\/agora.xtec.cat\/ceip-joanmiro-barcelona\/general\/6e-recapta-diners-per-al-viatge-de-final-de-curs\/\" title=\"Read 6\u00e8 recapta diners per al viatge de final de  curs!\">Llegeix m\u00e9s\u00bb<\/a><\/p>\n","protected":false},"author":116,"featured_media":13681,"comment_status":"open","ping_status":"open","sticky":false,"template":"","format":"standard","meta":{"_bbp_topic_count":0,"_bbp_reply_count":0,"_bbp_total_topic_count":0,"_bbp_total_reply_count":0,"_bbp_voice_count":0,"_bbp_anonymous_reply_count":0,"_bbp_topic_count_hidden":0,"_bbp_reply_count_hidden":0,"_bbp_forum_subforum_count":0,"footnotes":""},"categories":[150,1,4],"tags":[39,344,343],"class_list":["post-13680","post","type-post","status-publish","format-standard","has-post-thumbnail","hentry","category-sise","category-general","category-portada","tag-6e","tag-campdevanol","tag-finaldecurs"],"post_mailing_queue_ids":[],"_links":{"self":[{"href":"https:\/\/agora.xtec.cat\/ceip-joanmiro-barcelona\/wp-json\/wp\/v2\/posts\/13680","targetHints":{"allow":["GET"]}}],"collection":[{"href":"https:\/\/agora.xtec.cat\/ceip-joanmiro-barcelona\/wp-json\/wp\/v2\/posts"}],"about":[{"href":"https:\/\/agora.xtec.cat\/ceip-joanmiro-barcelona\/wp-json\/wp\/v2\/types\/post"}],"author":[{"embeddable":true,"href":"https:\/\/agora.xtec.cat\/ceip-joanmiro-barcelona\/wp-json\/wp\/v2\/users\/116"}],"replies":[{"embeddable":true,"href":"https:\/\/agora.xtec.cat\/ceip-joanmiro-barcelona\/wp-json\/wp\/v2\/comments?post=13680"}],"version-history":[{"count":2,"href":"https:\/\/agora.xtec.cat\/ceip-joanmiro-barcelona\/wp-json\/wp\/v2\/posts\/13680\/revisions"}],"predecessor-version":[{"id":13683,"href":"https:\/\/agora.xtec.cat\/ceip-joanmiro-barcelona\/wp-json\/wp\/v2\/posts\/13680\/revisions\/13683"}],"wp:featuredmedia":[{"embeddable":true,"href":"https:\/\/agora.xtec.cat\/ceip-joanmiro-barcelona\/wp-json\/wp\/v2\/media\/13681"}],"wp:attachment":[{"href":"https:\/\/agora.xtec.cat\/ceip-joanmiro-barcelona\/wp-json\/wp\/v2\/media?parent=13680"}],"wp:term":[{"taxonomy":"category","embeddable":true,"href":"https:\/\/agora.xtec.cat\/ceip-joanmiro-barcelona\/wp-json\/wp\/v2\/categories?post=13680"},{"taxonomy":"post_tag","embeddable":true,"href":"https:\/\/agora.xtec.cat\/ceip-joanmiro-barcelona\/wp-json\/wp\/v2\/tags?post=13680"}],"curies":[{"name":"wp","href":"https:\/\/api.w.org\/{rel}","templated":true}]}}