{"id":13652,"date":"2026-02-16T09:45:35","date_gmt":"2026-02-16T08:45:35","guid":{"rendered":"https:\/\/agora.xtec.cat\/ceip-joanmiro-barcelona\/?p=13652"},"modified":"2026-02-16T09:45:35","modified_gmt":"2026-02-16T08:45:35","slug":"save-the-children-compartim-solidaritat","status":"publish","type":"post","link":"https:\/\/agora.xtec.cat\/ceip-joanmiro-barcelona\/general\/save-the-children-compartim-solidaritat\/","title":{"rendered":"Save the Children: compartim solidaritat"},"content":{"rendered":"<p data-start=\"141\" data-end=\"368\">El dijous 15 de gener, els nens i nenes de 5\u00e8 vam fer una videotrucada amb l\u2019associaci\u00f3 Save the Children. Ens van explicar qu\u00e8 \u00e9s aquesta organitzaci\u00f3 i com ajuden infants d\u2019arreu del m\u00f3n que viuen en situacions molt dif\u00edcils.<\/p>\n<p data-start=\"370\" data-end=\"639\">Aquest any, la guardiola solid\u00e0ria \u00e9s per ajudar els infants que pateixen desnutrici\u00f3. La desnutrici\u00f3 \u00e9s quan un nen o una nena no t\u00e9 prou menjar ni els nutrients necessaris per cr\u00e9ixer sa i fort. Aix\u00f2 pot afectar la seva salut, el seu creixement i el seu aprenentatge.<\/p>\n<p data-start=\"641\" data-end=\"801\">Despr\u00e9s de la videotrucada, vam anar a les altres classes de l\u2019escola per explicar qu\u00e8 \u00e9s la desnutrici\u00f3 i animar tothom a participar en la guardiola solid\u00e0ria.<\/p>\n<p data-start=\"803\" data-end=\"918\">Tothom que vulgui pot col\u00b7laborar aportant diners. Entre tots i totes podem ajudar molts infants que ho necessiten.<\/p>\n<p data-start=\"920\" data-end=\"967\">Marc, Sofia F., Lindsay i I\u00f1igo<br data-start=\"951\" data-end=\"954\" \/>5\u00e8 Mediterrani i 5\u00e8 Carib<\/p>\n","protected":false},"excerpt":{"rendered":"<p>El dijous 15 de gener, els nens i nenes de 5\u00e8 vam fer una videotrucada amb l\u2019associaci\u00f3 Save the Children. Ens van explicar qu\u00e8 \u00e9s aquesta organitzaci\u00f3 i com ajuden infants d\u2019arreu del m\u00f3n que viuen en situacions molt dif\u00edcils.<br \/>\nAquest any, la guardiola solid\u00e0ria \u00e9s&hellip;  <a href=\"https:\/\/agora.xtec.cat\/ceip-joanmiro-barcelona\/general\/save-the-children-compartim-solidaritat\/\" title=\"Read Save the Children: compartim solidaritat\">Llegeix m\u00e9s\u00bb<\/a><\/p>\n","protected":false},"author":116,"featured_media":13654,"comment_status":"open","ping_status":"open","sticky":false,"template":"","format":"standard","meta":{"_bbp_topic_count":0,"_bbp_reply_count":0,"_bbp_total_topic_count":0,"_bbp_total_reply_count":0,"_bbp_voice_count":0,"_bbp_anonymous_reply_count":0,"_bbp_topic_count_hidden":0,"_bbp_reply_count_hidden":0,"_bbp_forum_subforum_count":0,"footnotes":""},"categories":[177,1,4],"tags":[206,342,311],"class_list":["post-13652","post","type-post","status-publish","format-standard","has-post-thumbnail","hentry","category-cinque","category-general","category-portada","tag-5e","tag-guardiolasolidaria","tag-savethechildren"],"post_mailing_queue_ids":[],"_links":{"self":[{"href":"https:\/\/agora.xtec.cat\/ceip-joanmiro-barcelona\/wp-json\/wp\/v2\/posts\/13652","targetHints":{"allow":["GET"]}}],"collection":[{"href":"https:\/\/agora.xtec.cat\/ceip-joanmiro-barcelona\/wp-json\/wp\/v2\/posts"}],"about":[{"href":"https:\/\/agora.xtec.cat\/ceip-joanmiro-barcelona\/wp-json\/wp\/v2\/types\/post"}],"author":[{"embeddable":true,"href":"https:\/\/agora.xtec.cat\/ceip-joanmiro-barcelona\/wp-json\/wp\/v2\/users\/116"}],"replies":[{"embeddable":true,"href":"https:\/\/agora.xtec.cat\/ceip-joanmiro-barcelona\/wp-json\/wp\/v2\/comments?post=13652"}],"version-history":[{"count":2,"href":"https:\/\/agora.xtec.cat\/ceip-joanmiro-barcelona\/wp-json\/wp\/v2\/posts\/13652\/revisions"}],"predecessor-version":[{"id":13656,"href":"https:\/\/agora.xtec.cat\/ceip-joanmiro-barcelona\/wp-json\/wp\/v2\/posts\/13652\/revisions\/13656"}],"wp:featuredmedia":[{"embeddable":true,"href":"https:\/\/agora.xtec.cat\/ceip-joanmiro-barcelona\/wp-json\/wp\/v2\/media\/13654"}],"wp:attachment":[{"href":"https:\/\/agora.xtec.cat\/ceip-joanmiro-barcelona\/wp-json\/wp\/v2\/media?parent=13652"}],"wp:term":[{"taxonomy":"category","embeddable":true,"href":"https:\/\/agora.xtec.cat\/ceip-joanmiro-barcelona\/wp-json\/wp\/v2\/categories?post=13652"},{"taxonomy":"post_tag","embeddable":true,"href":"https:\/\/agora.xtec.cat\/ceip-joanmiro-barcelona\/wp-json\/wp\/v2\/tags?post=13652"}],"curies":[{"name":"wp","href":"https:\/\/api.w.org\/{rel}","templated":true}]}}