{"id":13474,"date":"2025-12-20T09:33:14","date_gmt":"2025-12-20T08:33:14","guid":{"rendered":"https:\/\/agora.xtec.cat\/ceip-joanmiro-barcelona\/?p=13474"},"modified":"2025-12-20T09:33:14","modified_gmt":"2025-12-20T08:33:14","slug":"la-pregunta-investigable-de-2n","status":"publish","type":"post","link":"https:\/\/agora.xtec.cat\/ceip-joanmiro-barcelona\/general\/la-pregunta-investigable-de-2n\/","title":{"rendered":"La pregunta investigable de 2n"},"content":{"rendered":"<p><i><span style=\"font-weight: 400;\">Quin \u00e9s l\u2019animal m\u00e9s intel\u00b7ligent del m\u00f3n?<\/span><\/i> <i><span style=\"font-weight: 400;\">Qui va inventar els diners? Perqu\u00e8 serveixen les matem\u00e0tiques? Com puc fer perqu\u00e8 m\u2019agradi m\u00e9s llegir? Perqu\u00e8 \u00e9s tan dif\u00edcil la llengua que parlen al Pa\u00eds Basc?<\/span><\/i><a href=\"https:\/\/agora.xtec.cat\/ceip-joanmiro-barcelona\/wp-content\/uploads\/usu741\/2025\/12\/20251211_091354-scaled.jpg\"><br \/>\n<span style=\"font-weight: 400;\">Alguna vegada us heu fet preguntes dif\u00edcils de resoldre? Els nens i nenes de 2n cada divendres ho fem. Llegim una <\/span><b>pregunta investigable<\/b><span style=\"font-weight: 400;\"> a l\u2019aula i tenim tota la setmana per buscar la resposta. Des de casa ens ajuden, podem anar a la biblioteca o buscar informaci\u00f3 per internet. Quan arriba el seg\u00fcent divendres compartim totes les respostes que han anat sorgint, les llegim i en parlem entre tots. Per complementar les diferents respostes, visualitzem un v\u00eddeo o escoltem un podcast. Per \u00faltim, presentem la pregunta per la setmana seg\u00fcent. Us animem a participar-hi, ens ajuda a fomentar el pensament cr\u00edtic, la curiositat i l\u2019aprenentatge cooperatiu. \u00c9s molt enriquidor!<\/span><\/a><\/p>\n<p><a href=\"https:\/\/agora.xtec.cat\/ceip-joanmiro-barcelona\/wp-content\/uploads\/usu741\/2025\/12\/IMG_7662-scaled.jpg\"><img loading=\"lazy\" decoding=\"async\" class=\"alignnone wp-image-13480\" src=\"https:\/\/agora.xtec.cat\/ceip-joanmiro-barcelona\/wp-content\/uploads\/usu741\/2025\/12\/IMG_7662-1024x768.jpg\" alt=\"\" width=\"554\" height=\"416\" srcset=\"https:\/\/agora.xtec.cat\/ceip-joanmiro-barcelona\/wp-content\/uploads\/usu741\/2025\/12\/IMG_7662-1024x768.jpg 1024w, https:\/\/agora.xtec.cat\/ceip-joanmiro-barcelona\/wp-content\/uploads\/usu741\/2025\/12\/IMG_7662-300x225.jpg 300w, https:\/\/agora.xtec.cat\/ceip-joanmiro-barcelona\/wp-content\/uploads\/usu741\/2025\/12\/IMG_7662-768x576.jpg 768w, https:\/\/agora.xtec.cat\/ceip-joanmiro-barcelona\/wp-content\/uploads\/usu741\/2025\/12\/IMG_7662-1536x1152.jpg 1536w, https:\/\/agora.xtec.cat\/ceip-joanmiro-barcelona\/wp-content\/uploads\/usu741\/2025\/12\/IMG_7662-2048x1536.jpg 2048w, https:\/\/agora.xtec.cat\/ceip-joanmiro-barcelona\/wp-content\/uploads\/usu741\/2025\/12\/IMG_7662-200x150.jpg 200w\" sizes=\"auto, (max-width: 554px) 100vw, 554px\" \/><\/a><a href=\"https:\/\/agora.xtec.cat\/ceip-joanmiro-barcelona\/wp-content\/uploads\/usu741\/2025\/12\/20251211_091354-scaled.jpg\"><img loading=\"lazy\" decoding=\"async\" class=\"wp-image-13481 alignleft\" src=\"https:\/\/agora.xtec.cat\/ceip-joanmiro-barcelona\/wp-content\/uploads\/usu741\/2025\/12\/20251211_091354-768x1024.jpg\" alt=\"\" width=\"308\" height=\"411\" srcset=\"https:\/\/agora.xtec.cat\/ceip-joanmiro-barcelona\/wp-content\/uploads\/usu741\/2025\/12\/20251211_091354-768x1024.jpg 768w, https:\/\/agora.xtec.cat\/ceip-joanmiro-barcelona\/wp-content\/uploads\/usu741\/2025\/12\/20251211_091354-225x300.jpg 225w, https:\/\/agora.xtec.cat\/ceip-joanmiro-barcelona\/wp-content\/uploads\/usu741\/2025\/12\/20251211_091354-1152x1536.jpg 1152w, https:\/\/agora.xtec.cat\/ceip-joanmiro-barcelona\/wp-content\/uploads\/usu741\/2025\/12\/20251211_091354-1536x2048.jpg 1536w, https:\/\/agora.xtec.cat\/ceip-joanmiro-barcelona\/wp-content\/uploads\/usu741\/2025\/12\/20251211_091354-scaled.jpg 1920w\" sizes=\"auto, (max-width: 308px) 100vw, 308px\" \/><\/a><\/p>\n<p>&nbsp;<\/p>\n","protected":false},"excerpt":{"rendered":"<p>Alguna vegada us heu fet preguntes dif\u00edcils de resoldre? Els nens i nenes de 2n cada divendres ho fem. Llegim una pregunta investigable a l\u2019aula i tenim tota la setmana per buscar la resposta.&hellip;  <a href=\"https:\/\/agora.xtec.cat\/ceip-joanmiro-barcelona\/general\/la-pregunta-investigable-de-2n\/\" title=\"Read La pregunta investigable de 2n\">Llegeix m\u00e9s\u00bb<\/a><\/p>\n","protected":false},"author":186,"featured_media":13480,"comment_status":"open","ping_status":"open","sticky":false,"template":"","format":"standard","meta":{"_bbp_topic_count":0,"_bbp_reply_count":0,"_bbp_total_topic_count":0,"_bbp_total_reply_count":0,"_bbp_voice_count":0,"_bbp_anonymous_reply_count":0,"_bbp_topic_count_hidden":0,"_bbp_reply_count_hidden":0,"_bbp_forum_subforum_count":0,"footnotes":""},"categories":[241,1,4,5],"tags":[],"class_list":["post-13474","post","type-post","status-publish","format-standard","has-post-thumbnail","hentry","category-segon","category-general","category-portada","category-primaria"],"post_mailing_queue_ids":[],"_links":{"self":[{"href":"https:\/\/agora.xtec.cat\/ceip-joanmiro-barcelona\/wp-json\/wp\/v2\/posts\/13474","targetHints":{"allow":["GET"]}}],"collection":[{"href":"https:\/\/agora.xtec.cat\/ceip-joanmiro-barcelona\/wp-json\/wp\/v2\/posts"}],"about":[{"href":"https:\/\/agora.xtec.cat\/ceip-joanmiro-barcelona\/wp-json\/wp\/v2\/types\/post"}],"author":[{"embeddable":true,"href":"https:\/\/agora.xtec.cat\/ceip-joanmiro-barcelona\/wp-json\/wp\/v2\/users\/186"}],"replies":[{"embeddable":true,"href":"https:\/\/agora.xtec.cat\/ceip-joanmiro-barcelona\/wp-json\/wp\/v2\/comments?post=13474"}],"version-history":[{"count":3,"href":"https:\/\/agora.xtec.cat\/ceip-joanmiro-barcelona\/wp-json\/wp\/v2\/posts\/13474\/revisions"}],"predecessor-version":[{"id":13566,"href":"https:\/\/agora.xtec.cat\/ceip-joanmiro-barcelona\/wp-json\/wp\/v2\/posts\/13474\/revisions\/13566"}],"wp:featuredmedia":[{"embeddable":true,"href":"https:\/\/agora.xtec.cat\/ceip-joanmiro-barcelona\/wp-json\/wp\/v2\/media\/13480"}],"wp:attachment":[{"href":"https:\/\/agora.xtec.cat\/ceip-joanmiro-barcelona\/wp-json\/wp\/v2\/media?parent=13474"}],"wp:term":[{"taxonomy":"category","embeddable":true,"href":"https:\/\/agora.xtec.cat\/ceip-joanmiro-barcelona\/wp-json\/wp\/v2\/categories?post=13474"},{"taxonomy":"post_tag","embeddable":true,"href":"https:\/\/agora.xtec.cat\/ceip-joanmiro-barcelona\/wp-json\/wp\/v2\/tags?post=13474"}],"curies":[{"name":"wp","href":"https:\/\/api.w.org\/{rel}","templated":true}]}}