{"id":13416,"date":"2025-11-29T16:31:21","date_gmt":"2025-11-29T15:31:21","guid":{"rendered":"https:\/\/agora.xtec.cat\/ceip-joanmiro-barcelona\/?p=13416"},"modified":"2025-11-29T16:31:48","modified_gmt":"2025-11-29T15:31:48","slug":"6e-participa-en-el-projecte-interrogatori-en-tercer-grau","status":"publish","type":"post","link":"https:\/\/agora.xtec.cat\/ceip-joanmiro-barcelona\/general\/6e-participa-en-el-projecte-interrogatori-en-tercer-grau\/","title":{"rendered":"6\u00e8 participa en el projecte Interrogatori en tercer grau."},"content":{"rendered":"<p data-start=\"279\" data-end=\"467\">Els nens i nenes de 6\u00e8 estem treballant un projecte que es titula <em data-start=\"347\" data-end=\"377\">Interrogatori en tercer grau<\/em>, basat en diferents activitats del llibre <em data-start=\"422\" data-end=\"430\">Fugues<\/em>, de l\u2019escriptora Soledad Romero.<\/p>\n<p data-start=\"469\" data-end=\"514\">El projecte es divideix en tres sessions:<\/p>\n<p data-start=\"516\" data-end=\"805\">1a sessi\u00f3 (1\/10\/2025)<br data-start=\"541\" data-end=\"544\" \/>Vam anar a la Biblioteca Joan Mir\u00f3, on ens van explicar moltes fugues i curiositats sobre aquests casos reals. All\u00e0 tamb\u00e9 ens van donar un exemplar del llibre. Despr\u00e9s, a l\u2019escola, ens el vam haver de llegir per preparar-nos per a les seg\u00fcents activitats.<\/p>\n<p data-start=\"807\" data-end=\"1066\">2a sessi\u00f3 (26\/11\/2025)<br data-start=\"833\" data-end=\"836\" \/>Mentre lleg\u00edem el llibre, hav\u00edem d\u2019anar pensant preguntes perqu\u00e8 ens va visitar el noi que ens va donar el llibre. Ens va explicar dades i curiositats molt interessants per poder preparar b\u00e9 les preguntes que farem a l\u2019escriptora.<\/p>\n<p data-start=\"1068\" data-end=\"1362\">3a sessi\u00f3 (01\/12\/2025)<br data-start=\"1096\" data-end=\"1099\" \/>Vindr\u00e0 l\u2019escriptora Soledad Romero, acompanyada del detectiu que la va ajudar a comprovar que tota la informaci\u00f3 del llibre i d\u2019internet fos real. Els nens i nenes de 6\u00e8 de l\u2019Escola Joan Mir\u00f3 li farem totes les preguntes que hem preparat\u2026 i potser alguna m\u00e9s!<\/p>\n<p data-start=\"1364\" data-end=\"1498\">Aquest projecte ens est\u00e0 semblant molt engrescador. Tenim moltes ganes de continuar investigant i que arribi ja la pr\u00f2xima sessi\u00f3!<\/p>\n<p data-start=\"1364\" data-end=\"1498\"><a href=\"https:\/\/agora.xtec.cat\/ceip-joanmiro-barcelona\/wp-content\/uploads\/usu741\/2025\/11\/FUGUES.jpg\"><img loading=\"lazy\" decoding=\"async\" class=\"alignnone size-large wp-image-13420\" src=\"https:\/\/agora.xtec.cat\/ceip-joanmiro-barcelona\/wp-content\/uploads\/usu741\/2025\/11\/FUGUES-1024x576.jpg\" alt=\"\" width=\"1024\" height=\"576\" srcset=\"https:\/\/agora.xtec.cat\/ceip-joanmiro-barcelona\/wp-content\/uploads\/usu741\/2025\/11\/FUGUES-1024x576.jpg 1024w, https:\/\/agora.xtec.cat\/ceip-joanmiro-barcelona\/wp-content\/uploads\/usu741\/2025\/11\/FUGUES-300x169.jpg 300w, https:\/\/agora.xtec.cat\/ceip-joanmiro-barcelona\/wp-content\/uploads\/usu741\/2025\/11\/FUGUES-768x432.jpg 768w, https:\/\/agora.xtec.cat\/ceip-joanmiro-barcelona\/wp-content\/uploads\/usu741\/2025\/11\/FUGUES-1536x864.jpg 1536w, https:\/\/agora.xtec.cat\/ceip-joanmiro-barcelona\/wp-content\/uploads\/usu741\/2025\/11\/FUGUES.jpg 1920w\" sizes=\"auto, (max-width: 1024px) 100vw, 1024px\" \/><\/a><\/p>\n<p data-start=\"1364\" data-end=\"1498\">Luca, Sergi, Mia i Elsa<\/p>\n","protected":false},"excerpt":{"rendered":"<p>Els nens i nenes de 6\u00e8 estem treballant un projecte que es titula Interrogatori en tercer grau, basat en diferents activitats del llibre Fugues, de l\u2019escriptora Soledad Romero.<br \/>\nEl projecte es divideix en tres sessions:<br \/>\n1a sessi\u00f3 (1\/10\/2025)Vam anar a la Biblioteca Joan Mir\u00f3, on ens van&hellip;  <a href=\"https:\/\/agora.xtec.cat\/ceip-joanmiro-barcelona\/general\/6e-participa-en-el-projecte-interrogatori-en-tercer-grau\/\" title=\"Read 6\u00e8 participa en el projecte Interrogatori en tercer grau.\">Llegeix m\u00e9s\u00bb<\/a><\/p>\n","protected":false},"author":116,"featured_media":13419,"comment_status":"open","ping_status":"open","sticky":false,"template":"","format":"standard","meta":{"_bbp_topic_count":0,"_bbp_reply_count":0,"_bbp_total_topic_count":0,"_bbp_total_reply_count":0,"_bbp_voice_count":0,"_bbp_anonymous_reply_count":0,"_bbp_topic_count_hidden":0,"_bbp_reply_count_hidden":0,"_bbp_forum_subforum_count":0,"footnotes":""},"categories":[150,1,4],"tags":[39,333,327],"class_list":["post-13416","post","type-post","status-publish","format-standard","has-post-thumbnail","hentry","category-sise","category-general","category-portada","tag-6e","tag-interrogatori3rgrau","tag-lectura"],"post_mailing_queue_ids":[],"_links":{"self":[{"href":"https:\/\/agora.xtec.cat\/ceip-joanmiro-barcelona\/wp-json\/wp\/v2\/posts\/13416","targetHints":{"allow":["GET"]}}],"collection":[{"href":"https:\/\/agora.xtec.cat\/ceip-joanmiro-barcelona\/wp-json\/wp\/v2\/posts"}],"about":[{"href":"https:\/\/agora.xtec.cat\/ceip-joanmiro-barcelona\/wp-json\/wp\/v2\/types\/post"}],"author":[{"embeddable":true,"href":"https:\/\/agora.xtec.cat\/ceip-joanmiro-barcelona\/wp-json\/wp\/v2\/users\/116"}],"replies":[{"embeddable":true,"href":"https:\/\/agora.xtec.cat\/ceip-joanmiro-barcelona\/wp-json\/wp\/v2\/comments?post=13416"}],"version-history":[{"count":2,"href":"https:\/\/agora.xtec.cat\/ceip-joanmiro-barcelona\/wp-json\/wp\/v2\/posts\/13416\/revisions"}],"predecessor-version":[{"id":13421,"href":"https:\/\/agora.xtec.cat\/ceip-joanmiro-barcelona\/wp-json\/wp\/v2\/posts\/13416\/revisions\/13421"}],"wp:featuredmedia":[{"embeddable":true,"href":"https:\/\/agora.xtec.cat\/ceip-joanmiro-barcelona\/wp-json\/wp\/v2\/media\/13419"}],"wp:attachment":[{"href":"https:\/\/agora.xtec.cat\/ceip-joanmiro-barcelona\/wp-json\/wp\/v2\/media?parent=13416"}],"wp:term":[{"taxonomy":"category","embeddable":true,"href":"https:\/\/agora.xtec.cat\/ceip-joanmiro-barcelona\/wp-json\/wp\/v2\/categories?post=13416"},{"taxonomy":"post_tag","embeddable":true,"href":"https:\/\/agora.xtec.cat\/ceip-joanmiro-barcelona\/wp-json\/wp\/v2\/tags?post=13416"}],"curies":[{"name":"wp","href":"https:\/\/api.w.org\/{rel}","templated":true}]}}