{"id":13390,"date":"2025-11-11T12:29:18","date_gmt":"2025-11-11T11:29:18","guid":{"rendered":"https:\/\/agora.xtec.cat\/ceip-joanmiro-barcelona\/?p=13390"},"modified":"2025-11-11T12:29:18","modified_gmt":"2025-11-11T11:29:18","slug":"cinque-realitza-un-taller-democions-i-limits","status":"publish","type":"post","link":"https:\/\/agora.xtec.cat\/ceip-joanmiro-barcelona\/general\/cinque-realitza-un-taller-democions-i-limits\/","title":{"rendered":"Cinqu\u00e8 realitza un taller d&#8217;emocions i l\u00edmits"},"content":{"rendered":"<p><span style=\"font-weight: 400;\">L&#8217;alumnat de Carib i Mediterrani, \u00e9s a dir, de 5\u00e8. En els darrers dies ha fet una xerrada-taller sobre conviv\u00e8ncia i prevenci\u00f3 de l&#8217;assetjament escolar. A trav\u00e9s d&#8217;imatges, v\u00eddeos, din\u00e0miques i sobretot de la reflexi\u00f3 i la participaci\u00f3 dels infants, s\u2019han desenvolupat els seg\u00fcents aspectes:<\/span><\/p>\n<p><span style=\"font-weight: 400;\">&#8211; La <\/span><b>definici\u00f3<\/b><span style=\"font-weight: 400;\"> conjunta de conceptes com: <\/span><b>conflicte, assetjament escolar, viol\u00e8ncia<\/b><span style=\"font-weight: 400;\">&#8230; i la relaci\u00f3 i difer\u00e8ncia entre ells.<\/span><\/p>\n<p><span style=\"font-weight: 400;\">&#8211; Esmentar i debatre sobre <\/span><b>els diferents tipus de viol\u00e8ncia<\/b><span style=\"font-weight: 400;\"> (viol\u00e8ncia f\u00edsica, verbal, psicol\u00f2gica, d&#8217;exclusi\u00f3 social i tecnol\u00f2gica).<\/span><\/p>\n<p><span style=\"font-weight: 400;\">&#8211; <\/span><b>Conseq\u00fc\u00e8ncies<\/b><span style=\"font-weight: 400;\"> de la <\/span><i><span style=\"font-weight: 400;\">viol\u00e8ncia<\/span><\/i><span style=\"font-weight: 400;\"> sobre <\/span><b>l&#8217;autoestima<\/b><span style=\"font-weight: 400;\"> de la persona que rep viol\u00e8ncia.<\/span><\/p>\n<p><span style=\"font-weight: 400;\">&#8211; Concepte d&#8217;<\/span><b>autoestima, <\/b><span style=\"font-weight: 400;\">d\u2019<\/span><b>assertivitat<\/b><span style=\"font-weight: 400;\"> i <\/span><span style=\"font-weight: 400;\">d\u2019<\/span><b>empatia.<\/b><\/p>\n<p><span style=\"font-weight: 400;\"> <a href=\"https:\/\/agora.xtec.cat\/ceip-joanmiro-barcelona\/wp-content\/uploads\/usu741\/2025\/11\/taller-limits-i-emocions-1-scaled.jpg\"><img loading=\"lazy\" decoding=\"async\" class=\"aligncenter wp-image-13391\" src=\"https:\/\/agora.xtec.cat\/ceip-joanmiro-barcelona\/wp-content\/uploads\/usu741\/2025\/11\/taller-limits-i-emocions-1-300x300.jpg\" alt=\"\" width=\"400\" height=\"400\" srcset=\"https:\/\/agora.xtec.cat\/ceip-joanmiro-barcelona\/wp-content\/uploads\/usu741\/2025\/11\/taller-limits-i-emocions-1-300x300.jpg 300w, https:\/\/agora.xtec.cat\/ceip-joanmiro-barcelona\/wp-content\/uploads\/usu741\/2025\/11\/taller-limits-i-emocions-1-1024x1024.jpg 1024w, https:\/\/agora.xtec.cat\/ceip-joanmiro-barcelona\/wp-content\/uploads\/usu741\/2025\/11\/taller-limits-i-emocions-1-150x150.jpg 150w, https:\/\/agora.xtec.cat\/ceip-joanmiro-barcelona\/wp-content\/uploads\/usu741\/2025\/11\/taller-limits-i-emocions-1-768x768.jpg 768w, https:\/\/agora.xtec.cat\/ceip-joanmiro-barcelona\/wp-content\/uploads\/usu741\/2025\/11\/taller-limits-i-emocions-1-1536x1536.jpg 1536w, https:\/\/agora.xtec.cat\/ceip-joanmiro-barcelona\/wp-content\/uploads\/usu741\/2025\/11\/taller-limits-i-emocions-1-2048x2048.jpg 2048w\" sizes=\"auto, (max-width: 400px) 100vw, 400px\" \/><\/a><\/span><\/p>\n<p><span style=\"font-weight: 400;\">La din\u00e0mica ha estat vivencial i molt participativa.<\/span><\/p>\n<p><span style=\"font-weight: 400;\"> <a href=\"https:\/\/agora.xtec.cat\/ceip-joanmiro-barcelona\/wp-content\/uploads\/usu741\/2025\/11\/Taller-i-limits-foto2-1-scaled.jpg\"><img loading=\"lazy\" decoding=\"async\" class=\"aligncenter wp-image-13392\" src=\"https:\/\/agora.xtec.cat\/ceip-joanmiro-barcelona\/wp-content\/uploads\/usu741\/2025\/11\/Taller-i-limits-foto2-1-300x300.jpg\" alt=\"\" width=\"400\" height=\"400\" srcset=\"https:\/\/agora.xtec.cat\/ceip-joanmiro-barcelona\/wp-content\/uploads\/usu741\/2025\/11\/Taller-i-limits-foto2-1-300x300.jpg 300w, https:\/\/agora.xtec.cat\/ceip-joanmiro-barcelona\/wp-content\/uploads\/usu741\/2025\/11\/Taller-i-limits-foto2-1-1024x1024.jpg 1024w, https:\/\/agora.xtec.cat\/ceip-joanmiro-barcelona\/wp-content\/uploads\/usu741\/2025\/11\/Taller-i-limits-foto2-1-150x150.jpg 150w, https:\/\/agora.xtec.cat\/ceip-joanmiro-barcelona\/wp-content\/uploads\/usu741\/2025\/11\/Taller-i-limits-foto2-1-768x768.jpg 768w, https:\/\/agora.xtec.cat\/ceip-joanmiro-barcelona\/wp-content\/uploads\/usu741\/2025\/11\/Taller-i-limits-foto2-1-1536x1536.jpg 1536w, https:\/\/agora.xtec.cat\/ceip-joanmiro-barcelona\/wp-content\/uploads\/usu741\/2025\/11\/Taller-i-limits-foto2-1-2048x2048.jpg 2048w\" sizes=\"auto, (max-width: 400px) 100vw, 400px\" \/><\/a><\/span><\/p>\n<p><span style=\"font-weight: 400;\">Us animem a les fam\u00edlies que intenteu obrir un espai de comunicaci\u00f3 i reflexi\u00f3 amb els vostres fills i filles per comentar, aprofundir, recordar i donar la nostra visi\u00f3 i experi\u00e8ncia personal com a pares i mares, respecte als temes tractats.<\/span><\/p>\n","protected":false},"excerpt":{"rendered":"<p>L&#8217;alumnat de Carib i Mediterrani, \u00e9s a dir, de 5\u00e8. En els darrers dies ha fet una xerrada-taller sobre conviv\u00e8ncia i prevenci\u00f3 de l&#8217;assetjament escolar. A trav\u00e9s d&#8217;imatges, v\u00eddeos, din\u00e0miques i sobretot de la reflexi\u00f3 i la participaci\u00f3 dels infants, s\u2019han desenvolupat els seg\u00fcents aspectes:<br \/>\n&#8211;&hellip;  <a href=\"https:\/\/agora.xtec.cat\/ceip-joanmiro-barcelona\/general\/cinque-realitza-un-taller-democions-i-limits\/\" title=\"Read Cinqu\u00e8 realitza un taller d&#8217;emocions i l\u00edmits\">Llegeix m\u00e9s\u00bb<\/a><\/p>\n","protected":false},"author":150,"featured_media":13391,"comment_status":"open","ping_status":"open","sticky":false,"template":"","format":"standard","meta":{"_bbp_topic_count":0,"_bbp_reply_count":0,"_bbp_total_topic_count":0,"_bbp_total_reply_count":0,"_bbp_voice_count":0,"_bbp_anonymous_reply_count":0,"_bbp_topic_count_hidden":0,"_bbp_reply_count_hidden":0,"_bbp_forum_subforum_count":0,"footnotes":""},"categories":[177,1,4,5,30],"tags":[],"class_list":["post-13390","post","type-post","status-publish","format-standard","has-post-thumbnail","hentry","category-cinque","category-general","category-portada","category-primaria","category-valors"],"post_mailing_queue_ids":[],"_links":{"self":[{"href":"https:\/\/agora.xtec.cat\/ceip-joanmiro-barcelona\/wp-json\/wp\/v2\/posts\/13390","targetHints":{"allow":["GET"]}}],"collection":[{"href":"https:\/\/agora.xtec.cat\/ceip-joanmiro-barcelona\/wp-json\/wp\/v2\/posts"}],"about":[{"href":"https:\/\/agora.xtec.cat\/ceip-joanmiro-barcelona\/wp-json\/wp\/v2\/types\/post"}],"author":[{"embeddable":true,"href":"https:\/\/agora.xtec.cat\/ceip-joanmiro-barcelona\/wp-json\/wp\/v2\/users\/150"}],"replies":[{"embeddable":true,"href":"https:\/\/agora.xtec.cat\/ceip-joanmiro-barcelona\/wp-json\/wp\/v2\/comments?post=13390"}],"version-history":[{"count":6,"href":"https:\/\/agora.xtec.cat\/ceip-joanmiro-barcelona\/wp-json\/wp\/v2\/posts\/13390\/revisions"}],"predecessor-version":[{"id":13403,"href":"https:\/\/agora.xtec.cat\/ceip-joanmiro-barcelona\/wp-json\/wp\/v2\/posts\/13390\/revisions\/13403"}],"wp:featuredmedia":[{"embeddable":true,"href":"https:\/\/agora.xtec.cat\/ceip-joanmiro-barcelona\/wp-json\/wp\/v2\/media\/13391"}],"wp:attachment":[{"href":"https:\/\/agora.xtec.cat\/ceip-joanmiro-barcelona\/wp-json\/wp\/v2\/media?parent=13390"}],"wp:term":[{"taxonomy":"category","embeddable":true,"href":"https:\/\/agora.xtec.cat\/ceip-joanmiro-barcelona\/wp-json\/wp\/v2\/categories?post=13390"},{"taxonomy":"post_tag","embeddable":true,"href":"https:\/\/agora.xtec.cat\/ceip-joanmiro-barcelona\/wp-json\/wp\/v2\/tags?post=13390"}],"curies":[{"name":"wp","href":"https:\/\/api.w.org\/{rel}","templated":true}]}}