{"id":13386,"date":"2025-11-29T16:22:27","date_gmt":"2025-11-29T15:22:27","guid":{"rendered":"https:\/\/agora.xtec.cat\/ceip-joanmiro-barcelona\/?p=13386"},"modified":"2025-11-29T16:22:27","modified_gmt":"2025-11-29T15:22:27","slug":"6e-va-al-canal-olimpic","status":"publish","type":"post","link":"https:\/\/agora.xtec.cat\/ceip-joanmiro-barcelona\/general\/6e-va-al-canal-olimpic\/","title":{"rendered":"6\u00e8 va al Canal Ol\u00edmpic!"},"content":{"rendered":"<p data-start=\"165\" data-end=\"351\">El passat 18 de setembre, l\u2019alumnat de 6\u00e8 de prim\u00e0ria va fer una sortida al Canal Ol\u00edmpic de Castelldefels, un espai esportiu \u00fanic on vam poder gaudir d\u2019activitats a l\u2019aigua.<\/p>\n<p data-start=\"353\" data-end=\"759\">Vam sortir de l\u2019escola amb autocar a les 9:00 h. Un cop vam arribar, ens vam canviar als vestidors i ens vam dividir en dos grups: Montju\u00efc i Tibidabo.<\/p>\n<p data-start=\"353\" data-end=\"759\">Un grup va comen\u00e7ar fent canoa i l\u2019altre p\u00e0del surf gegant (una taula on caben deu persones, cinc a cada costat, que han de remar alhora per avan\u00e7ar). M\u00e9s endavant, vam fer el canvi d\u2019activitat perqu\u00e8 tothom pogu\u00e9s provar-ho tot.<\/p>\n<p data-start=\"761\" data-end=\"869\">Despr\u00e9s de passar una bona estona a l\u2019aigua, ens vam tornar a canviar i vam agafar l\u2019autocar cap a l\u2019escola.<\/p>\n<p data-start=\"871\" data-end=\"1128\">Ens va agradar molt l\u2019experi\u00e8ncia perqu\u00e8 vam poder gaudir del canal, del treball en equip i de les activitats aqu\u00e0tiques.<br data-start=\"996\" data-end=\"999\" \/>Com a proposta de millora, ens agradaria poder barrejar-nos entre Montju\u00efc i Tibidabo per compartir encara m\u00e9s moments junts.<\/p>\n<p data-start=\"1130\" data-end=\"1190\">Va ser un dia ple d\u2019esport, conviv\u00e8ncia i diversi\u00f3!<\/p>\n<div class=\"appsDocsRevisionsWizSidebarAuthorInfo\">\n<div class=\"appsDocsRevisionsWizSidebarBodySmallOnSurfaceVariant\">Savina, Alyce, Biel i Bernat<\/div>\n<\/div>\n<p>&nbsp;<\/p>\n<p><a href=\"https:\/\/agora.xtec.cat\/ceip-joanmiro-barcelona\/wp-content\/uploads\/usu741\/2025\/11\/unnamed-1.png\"><img loading=\"lazy\" decoding=\"async\" class=\"alignnone wp-image-13388\" src=\"https:\/\/agora.xtec.cat\/ceip-joanmiro-barcelona\/wp-content\/uploads\/usu741\/2025\/11\/unnamed-1-1024x576.png\" alt=\"\" width=\"846\" height=\"476\" srcset=\"https:\/\/agora.xtec.cat\/ceip-joanmiro-barcelona\/wp-content\/uploads\/usu741\/2025\/11\/unnamed-1-1024x576.png 1024w, https:\/\/agora.xtec.cat\/ceip-joanmiro-barcelona\/wp-content\/uploads\/usu741\/2025\/11\/unnamed-1-300x169.png 300w, https:\/\/agora.xtec.cat\/ceip-joanmiro-barcelona\/wp-content\/uploads\/usu741\/2025\/11\/unnamed-1-768x432.png 768w, https:\/\/agora.xtec.cat\/ceip-joanmiro-barcelona\/wp-content\/uploads\/usu741\/2025\/11\/unnamed-1-1536x864.png 1536w, https:\/\/agora.xtec.cat\/ceip-joanmiro-barcelona\/wp-content\/uploads\/usu741\/2025\/11\/unnamed-1.png 1920w\" sizes=\"auto, (max-width: 846px) 100vw, 846px\" \/><\/a><\/p>\n","protected":false},"excerpt":{"rendered":"<p>El passat 18 de setembre, l\u2019alumnat de 6\u00e8 de prim\u00e0ria va fer una sortida al Canal Ol\u00edmpic de Castelldefels, un espai esportiu \u00fanic on vam poder gaudir d\u2019activitats a l\u2019aigua.<br \/>\nVam sortir de l\u2019escola amb autocar a les 9:00 h. Un cop vam arribar, ens vam&hellip;  <a href=\"https:\/\/agora.xtec.cat\/ceip-joanmiro-barcelona\/general\/6e-va-al-canal-olimpic\/\" title=\"Read 6\u00e8 va al Canal Ol\u00edmpic!\">Llegeix m\u00e9s\u00bb<\/a><\/p>\n","protected":false},"author":116,"featured_media":13414,"comment_status":"open","ping_status":"open","sticky":false,"template":"","format":"standard","meta":{"_bbp_topic_count":0,"_bbp_reply_count":0,"_bbp_total_topic_count":0,"_bbp_total_reply_count":0,"_bbp_voice_count":0,"_bbp_anonymous_reply_count":0,"_bbp_topic_count_hidden":0,"_bbp_reply_count_hidden":0,"_bbp_forum_subforum_count":0,"footnotes":""},"categories":[150,1,4,5],"tags":[39,331,332],"class_list":["post-13386","post","type-post","status-publish","format-standard","has-post-thumbnail","hentry","category-sise","category-general","category-portada","category-primaria","tag-6e","tag-canal-olimpic","tag-paddle-surf"],"post_mailing_queue_ids":[],"_links":{"self":[{"href":"https:\/\/agora.xtec.cat\/ceip-joanmiro-barcelona\/wp-json\/wp\/v2\/posts\/13386","targetHints":{"allow":["GET"]}}],"collection":[{"href":"https:\/\/agora.xtec.cat\/ceip-joanmiro-barcelona\/wp-json\/wp\/v2\/posts"}],"about":[{"href":"https:\/\/agora.xtec.cat\/ceip-joanmiro-barcelona\/wp-json\/wp\/v2\/types\/post"}],"author":[{"embeddable":true,"href":"https:\/\/agora.xtec.cat\/ceip-joanmiro-barcelona\/wp-json\/wp\/v2\/users\/116"}],"replies":[{"embeddable":true,"href":"https:\/\/agora.xtec.cat\/ceip-joanmiro-barcelona\/wp-json\/wp\/v2\/comments?post=13386"}],"version-history":[{"count":1,"href":"https:\/\/agora.xtec.cat\/ceip-joanmiro-barcelona\/wp-json\/wp\/v2\/posts\/13386\/revisions"}],"predecessor-version":[{"id":13415,"href":"https:\/\/agora.xtec.cat\/ceip-joanmiro-barcelona\/wp-json\/wp\/v2\/posts\/13386\/revisions\/13415"}],"wp:featuredmedia":[{"embeddable":true,"href":"https:\/\/agora.xtec.cat\/ceip-joanmiro-barcelona\/wp-json\/wp\/v2\/media\/13414"}],"wp:attachment":[{"href":"https:\/\/agora.xtec.cat\/ceip-joanmiro-barcelona\/wp-json\/wp\/v2\/media?parent=13386"}],"wp:term":[{"taxonomy":"category","embeddable":true,"href":"https:\/\/agora.xtec.cat\/ceip-joanmiro-barcelona\/wp-json\/wp\/v2\/categories?post=13386"},{"taxonomy":"post_tag","embeddable":true,"href":"https:\/\/agora.xtec.cat\/ceip-joanmiro-barcelona\/wp-json\/wp\/v2\/tags?post=13386"}],"curies":[{"name":"wp","href":"https:\/\/api.w.org\/{rel}","templated":true}]}}