{"id":13355,"date":"2025-10-29T15:45:35","date_gmt":"2025-10-29T14:45:35","guid":{"rendered":"https:\/\/agora.xtec.cat\/ceip-joanmiro-barcelona\/?p=13355"},"modified":"2025-10-29T15:45:35","modified_gmt":"2025-10-29T14:45:35","slug":"5e-ha-marxat-de-colonies-a-mas-pinadella","status":"publish","type":"post","link":"https:\/\/agora.xtec.cat\/ceip-joanmiro-barcelona\/general\/5e-ha-marxat-de-colonies-a-mas-pinadella\/","title":{"rendered":"5\u00e8 ha marxat de col\u00f2nies a Mas Pinadella!"},"content":{"rendered":"<p><span style=\"font-weight: 400;\">El 7 d\u2019octubre vam agafar l\u2019autocar i vam comen\u00e7ar el nostre viatge de col\u00f2nies. Despr\u00e9s de dues hores, vam arribar a un lloc\u2026 per\u00f2 no era la casa de col\u00f2nies! All\u00e0 vam esmorzar i vam jugar una estona.<\/span><\/p>\n<p><span style=\"font-weight: 400;\">De seguida va arribar la N\u00faria, una guia molt simp\u00e0tica, que ens va explicar que \u00e9rem al Parc Natural de la Zona Volc\u00e0nica de la Garrotxa. Vam visitar un dels volcans m\u00e9s famosos, el volc\u00e0 del Croscat, i vam aprendre moltes coses sobre com es formen els volcans.<\/span><\/p>\n<p><span style=\"font-weight: 400;\">Quan vam acabar la visita, vam fer una caminada fins a la Fageda d\u2019en Jord\u00e0, on vam dinar i vam jugar una mica. Despr\u00e9s, l\u2019autocar ens va portar fins al p\u00e0rquing de Mas Pinadella, la nostra casa de col\u00f2nies. Vam caminar una mica m\u00e9s, perqu\u00e8 els autocars no poden arribar fins a la casa.<\/span><\/p>\n<p><span style=\"font-weight: 400;\">En arribar, ens van donar xocolata amb galetes per berenar, i m\u00e9s tard vam con\u00e8ixer les monitores, que ens van explicar com funcionava tot. A la nit vam fer els jocs de nit, que van ser molt divertits!<\/span><\/p>\n<p><span style=\"font-weight: 400;\">L\u2019endem\u00e0 al mat\u00ed vam esmorzar pa amb mantega i vam fer una activitat molt emocionant pel bosc (encara que tres companyes de la classe Mediterrani es van perdre uns minuts!). Despr\u00e9s vam dinar macarrons i pollastre i vam continuar jugant i gaudint del dia.<\/span><\/p>\n<p><span style=\"font-weight: 400;\">L\u2019\u00faltim dia vam fer el taller de l\u00e0ctics, on vam aprendre com es fan alguns productes amb la llet. Despr\u00e9s vam caminar fins al p\u00e0rquing, ens vam acomiadar de les monitores i vam tornar cap a Barcelona.<\/span><\/p>\n<p><span style=\"font-weight: 400;\">Van ser les col\u00f2nies m\u00e9s genials del m\u00f3n!<\/span><\/p>\n<p><span style=\"font-weight: 400;\">Ibaad,\u00a0<\/span><span style=\"font-weight: 400;\">Tiago,\u00a0<\/span><span style=\"font-weight: 400;\">Nazariy i\u00a0<\/span><span style=\"font-weight: 400;\">Martina<\/span><\/p>\n","protected":false},"excerpt":{"rendered":"<p>El 7 d\u2019octubre vam agafar l\u2019autocar i vam comen\u00e7ar el nostre viatge de col\u00f2nies. Despr\u00e9s de dues hores, vam arribar a un lloc\u2026 per\u00f2 no era la casa de col\u00f2nies! All\u00e0 vam esmorzar i vam jugar una estona.<br \/>\nDe seguida va arribar la N\u00faria, una guia&hellip;  <a href=\"https:\/\/agora.xtec.cat\/ceip-joanmiro-barcelona\/general\/5e-ha-marxat-de-colonies-a-mas-pinadella\/\" title=\"Read 5\u00e8 ha marxat de col\u00f2nies a Mas Pinadella!\">Llegeix m\u00e9s\u00bb<\/a><\/p>\n","protected":false},"author":116,"featured_media":13356,"comment_status":"open","ping_status":"open","sticky":false,"template":"","format":"standard","meta":{"_bbp_topic_count":0,"_bbp_reply_count":0,"_bbp_total_topic_count":0,"_bbp_total_reply_count":0,"_bbp_voice_count":0,"_bbp_anonymous_reply_count":0,"_bbp_topic_count_hidden":0,"_bbp_reply_count_hidden":0,"_bbp_forum_subforum_count":0,"footnotes":""},"categories":[177,1,4,5],"tags":[],"class_list":["post-13355","post","type-post","status-publish","format-standard","has-post-thumbnail","hentry","category-cinque","category-general","category-portada","category-primaria"],"post_mailing_queue_ids":[],"_links":{"self":[{"href":"https:\/\/agora.xtec.cat\/ceip-joanmiro-barcelona\/wp-json\/wp\/v2\/posts\/13355","targetHints":{"allow":["GET"]}}],"collection":[{"href":"https:\/\/agora.xtec.cat\/ceip-joanmiro-barcelona\/wp-json\/wp\/v2\/posts"}],"about":[{"href":"https:\/\/agora.xtec.cat\/ceip-joanmiro-barcelona\/wp-json\/wp\/v2\/types\/post"}],"author":[{"embeddable":true,"href":"https:\/\/agora.xtec.cat\/ceip-joanmiro-barcelona\/wp-json\/wp\/v2\/users\/116"}],"replies":[{"embeddable":true,"href":"https:\/\/agora.xtec.cat\/ceip-joanmiro-barcelona\/wp-json\/wp\/v2\/comments?post=13355"}],"version-history":[{"count":1,"href":"https:\/\/agora.xtec.cat\/ceip-joanmiro-barcelona\/wp-json\/wp\/v2\/posts\/13355\/revisions"}],"predecessor-version":[{"id":13357,"href":"https:\/\/agora.xtec.cat\/ceip-joanmiro-barcelona\/wp-json\/wp\/v2\/posts\/13355\/revisions\/13357"}],"wp:featuredmedia":[{"embeddable":true,"href":"https:\/\/agora.xtec.cat\/ceip-joanmiro-barcelona\/wp-json\/wp\/v2\/media\/13356"}],"wp:attachment":[{"href":"https:\/\/agora.xtec.cat\/ceip-joanmiro-barcelona\/wp-json\/wp\/v2\/media?parent=13355"}],"wp:term":[{"taxonomy":"category","embeddable":true,"href":"https:\/\/agora.xtec.cat\/ceip-joanmiro-barcelona\/wp-json\/wp\/v2\/categories?post=13355"},{"taxonomy":"post_tag","embeddable":true,"href":"https:\/\/agora.xtec.cat\/ceip-joanmiro-barcelona\/wp-json\/wp\/v2\/tags?post=13355"}],"curies":[{"name":"wp","href":"https:\/\/api.w.org\/{rel}","templated":true}]}}