{"id":1304,"date":"2016-12-13T20:15:15","date_gmt":"2016-12-13T19:15:15","guid":{"rendered":"http:\/\/agora.xtec.cat\/ceip-joanmiro-barcelona\/?p=1304"},"modified":"2016-12-14T19:59:17","modified_gmt":"2016-12-14T18:59:17","slug":"segona-trobada-del-padrinatge-lector","status":"publish","type":"post","link":"https:\/\/agora.xtec.cat\/ceip-joanmiro-barcelona\/general\/segona-trobada-del-padrinatge-lector\/","title":{"rendered":"Segona trobada del padrinatge lector"},"content":{"rendered":"<p>Aqu\u00ed hi som un altre cop, padrins i padrines, fillols i filloles junts i juntes! Esper\u00e0vem amb moltes ganes aquesta segona trobada i ens ho hem passat genial compartint una estona plegats!<\/p>\n<p>Ja ha arribat Desembre! Com passa el temps! I hem aprofitat per escriure la carta als Reis!!<\/p>\n<p>Els padrins i les padrines han portat <strong>cat\u00e0legs de joguines<\/strong> per mirar-los amb els fillols i les filloles, que han escollit all\u00f2 que m\u00e9s els agrada i volen demanar-li als Reis.<\/p>\n<p>Per\u00f2 no nom\u00e9s hem escrit la carta, retallat, enganxat els nostres jocs preferits, dibuixat i pintat. Tamb\u00e9 hem pogut parlar de sobre el que ens agrada jugar, explicar perqu\u00e8 preferim unes joguines i no unes altres\u2026 Fins i tot, alguns i algunes ens hem fixat en detalls: com la edat recomanada per jugar-hi i el preu.<\/p>\n<p>Ens encanten aquestes trobades i ja en pensem en la propera!<\/p>\n<p>FINS MOLT AVIAT!<\/p>\n<p>Eivissa, Mallorca, Guepards i Lleons.<\/p>\n<p>&nbsp;<\/p>\n<p><a href=\"http:\/\/agora.xtec.cat\/ceip-joanmiro-barcelona\/wp-content\/uploads\/usu741\/2016\/12\/20161209_152502-1.jpg\"><img loading=\"lazy\" decoding=\"async\" class=\"alignnone size-large wp-image-1296\" src=\"http:\/\/agora.xtec.cat\/ceip-joanmiro-barcelona\/wp-content\/uploads\/usu741\/2016\/12\/20161209_152502-1-1024x614.jpg\" alt=\"20161209_152502\" width=\"1024\" height=\"614\" srcset=\"https:\/\/agora.xtec.cat\/ceip-joanmiro-barcelona\/wp-content\/uploads\/usu741\/2016\/12\/20161209_152502-1-1024x614.jpg 1024w, https:\/\/agora.xtec.cat\/ceip-joanmiro-barcelona\/wp-content\/uploads\/usu741\/2016\/12\/20161209_152502-1-300x180.jpg 300w, https:\/\/agora.xtec.cat\/ceip-joanmiro-barcelona\/wp-content\/uploads\/usu741\/2016\/12\/20161209_152502-1-768x461.jpg 768w\" sizes=\"auto, (max-width: 1024px) 100vw, 1024px\" \/><\/a> <a href=\"http:\/\/agora.xtec.cat\/ceip-joanmiro-barcelona\/wp-content\/uploads\/usu741\/2016\/12\/20161209_153129-1.jpg\"><img loading=\"lazy\" decoding=\"async\" class=\"alignnone size-large wp-image-1303\" src=\"http:\/\/agora.xtec.cat\/ceip-joanmiro-barcelona\/wp-content\/uploads\/usu741\/2016\/12\/20161209_153129-1-1024x614.jpg\" alt=\"20161209_153129\" width=\"1024\" height=\"614\" srcset=\"https:\/\/agora.xtec.cat\/ceip-joanmiro-barcelona\/wp-content\/uploads\/usu741\/2016\/12\/20161209_153129-1-1024x614.jpg 1024w, https:\/\/agora.xtec.cat\/ceip-joanmiro-barcelona\/wp-content\/uploads\/usu741\/2016\/12\/20161209_153129-1-300x180.jpg 300w, https:\/\/agora.xtec.cat\/ceip-joanmiro-barcelona\/wp-content\/uploads\/usu741\/2016\/12\/20161209_153129-1-768x461.jpg 768w\" sizes=\"auto, (max-width: 1024px) 100vw, 1024px\" \/><\/a> <a href=\"http:\/\/agora.xtec.cat\/ceip-joanmiro-barcelona\/wp-content\/uploads\/usu741\/2016\/12\/20161209_152445.jpg\"><img loading=\"lazy\" decoding=\"async\" class=\"alignnone size-large wp-image-1291\" src=\"http:\/\/agora.xtec.cat\/ceip-joanmiro-barcelona\/wp-content\/uploads\/usu741\/2016\/12\/20161209_152445-1024x614.jpg\" alt=\"20161209_152445\" width=\"1024\" height=\"614\" srcset=\"https:\/\/agora.xtec.cat\/ceip-joanmiro-barcelona\/wp-content\/uploads\/usu741\/2016\/12\/20161209_152445-1024x614.jpg 1024w, https:\/\/agora.xtec.cat\/ceip-joanmiro-barcelona\/wp-content\/uploads\/usu741\/2016\/12\/20161209_152445-300x180.jpg 300w, https:\/\/agora.xtec.cat\/ceip-joanmiro-barcelona\/wp-content\/uploads\/usu741\/2016\/12\/20161209_152445-768x461.jpg 768w\" sizes=\"auto, (max-width: 1024px) 100vw, 1024px\" \/><\/a><\/p>\n","protected":false},"excerpt":{"rendered":"<p>Aqu\u00ed hi som un altre cop, padrins i padrines, fillols i filloles junts i juntes! Esper\u00e0vem amb moltes ganes aquesta segona trobada i ens ho hem passat genial compartint una estona plegats!<br \/>\nJa ha arribat Desembre! Com passa el temps! I hem aprofitat per escriure la&hellip;  <a href=\"https:\/\/agora.xtec.cat\/ceip-joanmiro-barcelona\/general\/segona-trobada-del-padrinatge-lector\/\" title=\"Read Segona trobada del padrinatge lector\">Llegeix m\u00e9s\u00bb<\/a><\/p>\n","protected":false},"author":31,"featured_media":1290,"comment_status":"open","ping_status":"open","sticky":false,"template":"","format":"standard","meta":{"_bbp_topic_count":0,"_bbp_reply_count":0,"_bbp_total_topic_count":0,"_bbp_total_reply_count":0,"_bbp_voice_count":0,"_bbp_anonymous_reply_count":0,"_bbp_topic_count_hidden":0,"_bbp_reply_count_hidden":0,"_bbp_forum_subforum_count":0,"footnotes":""},"categories":[1,5,10],"tags":[101,102,100],"class_list":["post-1304","post","type-post","status-publish","format-standard","has-post-thumbnail","hentry","category-general","category-primaria","category-promocio2022","tag-eivissa","tag-guepards-i-lleons","tag-mallorca"],"post_mailing_queue_ids":[],"_links":{"self":[{"href":"https:\/\/agora.xtec.cat\/ceip-joanmiro-barcelona\/wp-json\/wp\/v2\/posts\/1304","targetHints":{"allow":["GET"]}}],"collection":[{"href":"https:\/\/agora.xtec.cat\/ceip-joanmiro-barcelona\/wp-json\/wp\/v2\/posts"}],"about":[{"href":"https:\/\/agora.xtec.cat\/ceip-joanmiro-barcelona\/wp-json\/wp\/v2\/types\/post"}],"author":[{"embeddable":true,"href":"https:\/\/agora.xtec.cat\/ceip-joanmiro-barcelona\/wp-json\/wp\/v2\/users\/31"}],"replies":[{"embeddable":true,"href":"https:\/\/agora.xtec.cat\/ceip-joanmiro-barcelona\/wp-json\/wp\/v2\/comments?post=1304"}],"version-history":[{"count":3,"href":"https:\/\/agora.xtec.cat\/ceip-joanmiro-barcelona\/wp-json\/wp\/v2\/posts\/1304\/revisions"}],"predecessor-version":[{"id":1308,"href":"https:\/\/agora.xtec.cat\/ceip-joanmiro-barcelona\/wp-json\/wp\/v2\/posts\/1304\/revisions\/1308"}],"wp:featuredmedia":[{"embeddable":true,"href":"https:\/\/agora.xtec.cat\/ceip-joanmiro-barcelona\/wp-json\/wp\/v2\/media\/1290"}],"wp:attachment":[{"href":"https:\/\/agora.xtec.cat\/ceip-joanmiro-barcelona\/wp-json\/wp\/v2\/media?parent=1304"}],"wp:term":[{"taxonomy":"category","embeddable":true,"href":"https:\/\/agora.xtec.cat\/ceip-joanmiro-barcelona\/wp-json\/wp\/v2\/categories?post=1304"},{"taxonomy":"post_tag","embeddable":true,"href":"https:\/\/agora.xtec.cat\/ceip-joanmiro-barcelona\/wp-json\/wp\/v2\/tags?post=1304"}],"curies":[{"name":"wp","href":"https:\/\/api.w.org\/{rel}","templated":true}]}}