{"id":12702,"date":"2025-05-05T17:21:20","date_gmt":"2025-05-05T15:21:20","guid":{"rendered":"https:\/\/agora.xtec.cat\/ceip-joanmiro-barcelona\/?p=12702"},"modified":"2025-05-05T17:22:02","modified_gmt":"2025-05-05T15:22:02","slug":"5e-va-al-caixaforum-una-experiencia-musical-inoblidable","status":"publish","type":"post","link":"https:\/\/agora.xtec.cat\/ceip-joanmiro-barcelona\/general\/5e-va-al-caixaforum-una-experiencia-musical-inoblidable\/","title":{"rendered":"5\u00e8 va al CaixaF\u00f2rum: una experi\u00e8ncia musical inoblidable!"},"content":{"rendered":"<p>El passat dilluns 8 d&#8217;abril, els nens i nenes de 5\u00e8 de prim\u00e0ria de les classes Tibidabo i Montju\u00efc vam gaudir d&#8217;una excursi\u00f3 molt especial al CaixaForum de Pla\u00e7a Espanya. Aquesta sortida ens va emocionar molt perqu\u00e8, a m\u00e9s d&#8217;anar-hi caminant tots junts des de l&#8217;escola, an\u00e0vem a veure una obra de teatre musical titulada That&#8217;s a musical, relacionada amb la nostra assignatura de m\u00fasica.<\/p>\n<p>Despr\u00e9s d&#8217;una estona de cam\u00ed, en arribar al CaixaForum, ens esperaven uns actors molt simp\u00e0tics que van comen\u00e7ar l&#8217;obra presentant-nos la hist\u00f2ria de quatre joves que arribaven a un magatzem misteri\u00f3s. Aquest espai estava ple d&#8217;objectes i elements de musicals molt famosos que nosaltres vam poder recon\u00e8ixer al llarg de l&#8217;espectacle.<\/p>\n<p>Durant la funci\u00f3, vam poder veure escenes d&#8217;obres musicals molt populars com ara Cats, on els actors es movien i cantaven imitant els moviments \u00e0gils dels gats. Tamb\u00e9 vam gaudir d&#8217;un fragment del musical Mar i Cel, molt emotiu i ben interpretat. A m\u00e9s, un dels moments m\u00e9s divertits i que m\u00e9s ens va agradar va ser quan els actors van cantar can\u00e7ons del grup Abba, fent-nos ballar i cantar amb ells.<\/p>\n<p>Aquesta activitat era part de les sortides educatives de m\u00fasica que fem durant el curs i ens ha encantat. Despr\u00e9s de l&#8217;obra, vam estar comentant entre nosaltres el que m\u00e9s ens havia agradat i, vam coincidir que l&#8217;espectacle havia estat fant\u00e0stic i que no hi havia res per millorar.<\/p>\n<p>Esperem tornar ben aviat a gaudir d&#8217;una experi\u00e8ncia tan divertida com aquesta!<\/p>\n<p>Charlotte Davies, Roc Mart\u00ednez, Neus Defior i Jordan Mart\u00ednez <\/p>\n<p><a href=\"https:\/\/agora.xtec.cat\/ceip-joanmiro-barcelona\/wp-content\/uploads\/usu741\/2025\/05\/1.jpg\"><img loading=\"lazy\" decoding=\"async\" src=\"https:\/\/agora.xtec.cat\/ceip-joanmiro-barcelona\/wp-content\/uploads\/usu741\/2025\/05\/1-1024x576.jpg\" alt=\"\" width=\"1024\" height=\"576\" class=\"alignnone size-large wp-image-12719\" srcset=\"https:\/\/agora.xtec.cat\/ceip-joanmiro-barcelona\/wp-content\/uploads\/usu741\/2025\/05\/1-1024x576.jpg 1024w, https:\/\/agora.xtec.cat\/ceip-joanmiro-barcelona\/wp-content\/uploads\/usu741\/2025\/05\/1-300x169.jpg 300w, https:\/\/agora.xtec.cat\/ceip-joanmiro-barcelona\/wp-content\/uploads\/usu741\/2025\/05\/1-768x432.jpg 768w, https:\/\/agora.xtec.cat\/ceip-joanmiro-barcelona\/wp-content\/uploads\/usu741\/2025\/05\/1-1536x864.jpg 1536w, https:\/\/agora.xtec.cat\/ceip-joanmiro-barcelona\/wp-content\/uploads\/usu741\/2025\/05\/1.jpg 1920w\" sizes=\"auto, (max-width: 1024px) 100vw, 1024px\" \/><\/a><\/p>\n<p><a href=\"https:\/\/agora.xtec.cat\/ceip-joanmiro-barcelona\/wp-content\/uploads\/usu741\/2025\/05\/2.jpg\"><img loading=\"lazy\" decoding=\"async\" src=\"https:\/\/agora.xtec.cat\/ceip-joanmiro-barcelona\/wp-content\/uploads\/usu741\/2025\/05\/2-1024x576.jpg\" alt=\"\" width=\"1024\" height=\"576\" class=\"alignnone size-large wp-image-12720\" srcset=\"https:\/\/agora.xtec.cat\/ceip-joanmiro-barcelona\/wp-content\/uploads\/usu741\/2025\/05\/2-1024x576.jpg 1024w, https:\/\/agora.xtec.cat\/ceip-joanmiro-barcelona\/wp-content\/uploads\/usu741\/2025\/05\/2-300x169.jpg 300w, https:\/\/agora.xtec.cat\/ceip-joanmiro-barcelona\/wp-content\/uploads\/usu741\/2025\/05\/2-768x432.jpg 768w, https:\/\/agora.xtec.cat\/ceip-joanmiro-barcelona\/wp-content\/uploads\/usu741\/2025\/05\/2-1536x864.jpg 1536w, https:\/\/agora.xtec.cat\/ceip-joanmiro-barcelona\/wp-content\/uploads\/usu741\/2025\/05\/2.jpg 1920w\" sizes=\"auto, (max-width: 1024px) 100vw, 1024px\" \/><\/a><\/p>\n","protected":false},"excerpt":{"rendered":"<p>El passat dilluns 8 d&#8217;abril, els nens i nenes de 5\u00e8 de prim\u00e0ria de les classes Tibidabo i Montju\u00efc vam gaudir d&#8217;una excursi\u00f3 molt especial al CaixaForum de Pla\u00e7a Espanya. Aquesta sortida ens va emocionar molt perqu\u00e8, a m\u00e9s d&#8217;anar-hi caminant tots junts des de&hellip;  <a href=\"https:\/\/agora.xtec.cat\/ceip-joanmiro-barcelona\/general\/5e-va-al-caixaforum-una-experiencia-musical-inoblidable\/\" title=\"Read 5\u00e8 va al CaixaF\u00f2rum: una experi\u00e8ncia musical inoblidable!\">Llegeix m\u00e9s\u00bb<\/a><\/p>\n","protected":false},"author":116,"featured_media":12718,"comment_status":"open","ping_status":"closed","sticky":false,"template":"","format":"standard","meta":{"_bbp_topic_count":0,"_bbp_reply_count":0,"_bbp_total_topic_count":0,"_bbp_total_reply_count":0,"_bbp_voice_count":0,"_bbp_anonymous_reply_count":0,"_bbp_topic_count_hidden":0,"_bbp_reply_count_hidden":0,"_bbp_forum_subforum_count":0,"footnotes":""},"categories":[150,1,4,5],"tags":[206,317,320,318,319,316],"class_list":["post-12702","post","type-post","status-publish","format-standard","has-post-thumbnail","hentry","category-sise","category-general","category-portada","category-primaria","tag-5e","tag-abba","tag-caixaforum","tag-cats","tag-maricel","tag-musical"],"post_mailing_queue_ids":[],"_links":{"self":[{"href":"https:\/\/agora.xtec.cat\/ceip-joanmiro-barcelona\/wp-json\/wp\/v2\/posts\/12702","targetHints":{"allow":["GET"]}}],"collection":[{"href":"https:\/\/agora.xtec.cat\/ceip-joanmiro-barcelona\/wp-json\/wp\/v2\/posts"}],"about":[{"href":"https:\/\/agora.xtec.cat\/ceip-joanmiro-barcelona\/wp-json\/wp\/v2\/types\/post"}],"author":[{"embeddable":true,"href":"https:\/\/agora.xtec.cat\/ceip-joanmiro-barcelona\/wp-json\/wp\/v2\/users\/116"}],"replies":[{"embeddable":true,"href":"https:\/\/agora.xtec.cat\/ceip-joanmiro-barcelona\/wp-json\/wp\/v2\/comments?post=12702"}],"version-history":[{"count":2,"href":"https:\/\/agora.xtec.cat\/ceip-joanmiro-barcelona\/wp-json\/wp\/v2\/posts\/12702\/revisions"}],"predecessor-version":[{"id":12721,"href":"https:\/\/agora.xtec.cat\/ceip-joanmiro-barcelona\/wp-json\/wp\/v2\/posts\/12702\/revisions\/12721"}],"wp:featuredmedia":[{"embeddable":true,"href":"https:\/\/agora.xtec.cat\/ceip-joanmiro-barcelona\/wp-json\/wp\/v2\/media\/12718"}],"wp:attachment":[{"href":"https:\/\/agora.xtec.cat\/ceip-joanmiro-barcelona\/wp-json\/wp\/v2\/media?parent=12702"}],"wp:term":[{"taxonomy":"category","embeddable":true,"href":"https:\/\/agora.xtec.cat\/ceip-joanmiro-barcelona\/wp-json\/wp\/v2\/categories?post=12702"},{"taxonomy":"post_tag","embeddable":true,"href":"https:\/\/agora.xtec.cat\/ceip-joanmiro-barcelona\/wp-json\/wp\/v2\/tags?post=12702"}],"curies":[{"name":"wp","href":"https:\/\/api.w.org\/{rel}","templated":true}]}}