{"id":12638,"date":"2025-03-26T16:04:59","date_gmt":"2025-03-26T15:04:59","guid":{"rendered":"https:\/\/agora.xtec.cat\/ceip-joanmiro-barcelona\/?p=12638"},"modified":"2025-03-26T19:21:51","modified_gmt":"2025-03-26T18:21:51","slug":"experiencies-de-sise-al-febrer","status":"publish","type":"post","link":"https:\/\/agora.xtec.cat\/ceip-joanmiro-barcelona\/general\/experiencies-de-sise-al-febrer\/","title":{"rendered":"Experi\u00e8ncies de sis\u00e8 al febrer"},"content":{"rendered":"<p><span style=\"font-weight: 400;\">El passat 6 de febrer, l\u2019alumnat de sis\u00e8 va anar a l\u2019auditori de l&#8217;institut Joan Pelegr\u00ed, a veure l\u2019obra de teatre \u201cDr\u00e0cula\u201d. Aquesta sortida estava dins de l\u2019assignatura d&#8217;angl\u00e8s, com eina vivencial per poder interactuar i practicar l\u2019idioma. La hist\u00f2ria va d&#8217;un vampir, que est\u00e0 enamorat d\u2019una noia que es deia Mina, per\u00f2 la Mina tenia un marit que es deia Jonathan que era empresari.\u00a0<\/span><\/p>\n<p><span style=\"font-weight: 400;\">Per un altre costat, el 21 de febrer van venir a l\u2019escola a fer el taller de \u201chem begut oli\u201d des de<\/span><a href=\"https:\/\/dopsiurana.com\/\"> <span style=\"font-weight: 400;\">dopsiurana<\/span><\/a><span style=\"font-weight: 400;\">, aquest consistia a tastar olis i dir si eren amargs, dol\u00e7os, picants o \u00e0cids, aix\u00ed com el seu aroma. L&#8217;encarregada de conduir aquesta din\u00e0mica va ser l\u2019Ariadna, l\u2019objectiu global era con\u00e8ixer i diferenciar l\u2019oli verge i l\u2019oli verge extra, del refinat. <\/span><\/p>\n<p><span style=\"font-weight: 400;\">Per fer-ho, ens van donar un paper (ple d&#8217;informacions sobre l\u2019oli) i uns trossos de poma, carxofa, pl\u00e0tan, tom\u00e0quet, ametlles i dos pots amb olis diferents. Al final de l\u2019activitat, ens van regalar una mostra d\u2019oli oliva verge extra dopSiurana.<\/span><\/p>\n<p><span style=\"font-weight: 400;\">Ens van agradar molt les dues activitats que vam fer i despr\u00e9s ens van venir a fer els tallers de lleng\u00fces maternes (<\/span><a href=\"https:\/\/agora.xtec.cat\/ceip-joanmiro-barcelona\/general\/un-mes-per-descobrir-llengues-i-cultures\/\"><span style=\"font-weight: 400;\">per saber-ne m\u00e9s feu clic aqu\u00ed<\/span><\/a><span style=\"font-weight: 400;\">).\u00a0<\/span><\/p>\n<p><span style=\"font-weight: 400;\">Els alumnes de 6\u00e8 ho vam gaudir molt.<\/span><\/p>\n<p>Taller de bloggers: Jiahui, Arlet, Iv\u00e1n S., Jia Xuan i Monse<\/p>\n<p><a href=\"https:\/\/agora.xtec.cat\/ceip-joanmiro-barcelona\/wp-content\/uploads\/usu741\/2025\/03\/Collage_20250224_131458-1.jpg\"><img loading=\"lazy\" decoding=\"async\" class=\"aligncenter wp-image-12641 size-large\" src=\"https:\/\/agora.xtec.cat\/ceip-joanmiro-barcelona\/wp-content\/uploads\/usu741\/2025\/03\/Collage_20250224_131458-1-1024x768.jpg\" alt=\"\" width=\"1024\" height=\"768\" srcset=\"https:\/\/agora.xtec.cat\/ceip-joanmiro-barcelona\/wp-content\/uploads\/usu741\/2025\/03\/Collage_20250224_131458-1-1024x768.jpg 1024w, https:\/\/agora.xtec.cat\/ceip-joanmiro-barcelona\/wp-content\/uploads\/usu741\/2025\/03\/Collage_20250224_131458-1-300x225.jpg 300w, https:\/\/agora.xtec.cat\/ceip-joanmiro-barcelona\/wp-content\/uploads\/usu741\/2025\/03\/Collage_20250224_131458-1-768x576.jpg 768w, https:\/\/agora.xtec.cat\/ceip-joanmiro-barcelona\/wp-content\/uploads\/usu741\/2025\/03\/Collage_20250224_131458-1-1536x1152.jpg 1536w, https:\/\/agora.xtec.cat\/ceip-joanmiro-barcelona\/wp-content\/uploads\/usu741\/2025\/03\/Collage_20250224_131458-1-2048x1536.jpg 2048w, https:\/\/agora.xtec.cat\/ceip-joanmiro-barcelona\/wp-content\/uploads\/usu741\/2025\/03\/Collage_20250224_131458-1-200x150.jpg 200w\" sizes=\"auto, (max-width: 1024px) 100vw, 1024px\" \/><\/a> <a href=\"https:\/\/agora.xtec.cat\/ceip-joanmiro-barcelona\/wp-content\/uploads\/usu741\/2025\/03\/Collage_20250224_131516-1-2-scaled.jpg\"><img loading=\"lazy\" decoding=\"async\" class=\"aligncenter wp-image-12640 size-large\" src=\"https:\/\/agora.xtec.cat\/ceip-joanmiro-barcelona\/wp-content\/uploads\/usu741\/2025\/03\/Collage_20250224_131516-1-2-768x1024.jpg\" alt=\"\" width=\"768\" height=\"1024\" srcset=\"https:\/\/agora.xtec.cat\/ceip-joanmiro-barcelona\/wp-content\/uploads\/usu741\/2025\/03\/Collage_20250224_131516-1-2-768x1024.jpg 768w, https:\/\/agora.xtec.cat\/ceip-joanmiro-barcelona\/wp-content\/uploads\/usu741\/2025\/03\/Collage_20250224_131516-1-2-225x300.jpg 225w, https:\/\/agora.xtec.cat\/ceip-joanmiro-barcelona\/wp-content\/uploads\/usu741\/2025\/03\/Collage_20250224_131516-1-2-1152x1536.jpg 1152w, https:\/\/agora.xtec.cat\/ceip-joanmiro-barcelona\/wp-content\/uploads\/usu741\/2025\/03\/Collage_20250224_131516-1-2-1536x2048.jpg 1536w, https:\/\/agora.xtec.cat\/ceip-joanmiro-barcelona\/wp-content\/uploads\/usu741\/2025\/03\/Collage_20250224_131516-1-2-scaled.jpg 1920w\" sizes=\"auto, (max-width: 768px) 100vw, 768px\" \/><\/a> <a href=\"https:\/\/agora.xtec.cat\/ceip-joanmiro-barcelona\/wp-content\/uploads\/usu741\/2025\/03\/Collage_20250326_152254-1-scaled.jpg\"><img loading=\"lazy\" decoding=\"async\" class=\"aligncenter wp-image-12639 size-large\" src=\"https:\/\/agora.xtec.cat\/ceip-joanmiro-barcelona\/wp-content\/uploads\/usu741\/2025\/03\/Collage_20250326_152254-1-768x1024.jpg\" alt=\"\" width=\"768\" height=\"1024\" srcset=\"https:\/\/agora.xtec.cat\/ceip-joanmiro-barcelona\/wp-content\/uploads\/usu741\/2025\/03\/Collage_20250326_152254-1-768x1024.jpg 768w, https:\/\/agora.xtec.cat\/ceip-joanmiro-barcelona\/wp-content\/uploads\/usu741\/2025\/03\/Collage_20250326_152254-1-225x300.jpg 225w, https:\/\/agora.xtec.cat\/ceip-joanmiro-barcelona\/wp-content\/uploads\/usu741\/2025\/03\/Collage_20250326_152254-1-1152x1536.jpg 1152w, https:\/\/agora.xtec.cat\/ceip-joanmiro-barcelona\/wp-content\/uploads\/usu741\/2025\/03\/Collage_20250326_152254-1-1536x2048.jpg 1536w, https:\/\/agora.xtec.cat\/ceip-joanmiro-barcelona\/wp-content\/uploads\/usu741\/2025\/03\/Collage_20250326_152254-1-scaled.jpg 1920w\" sizes=\"auto, (max-width: 768px) 100vw, 768px\" \/><\/a><\/p>\n<p>&nbsp;<\/p>\n<p>&nbsp;<\/p>\n<p>&nbsp;<\/p>\n<p>&nbsp;<\/p>\n","protected":false},"excerpt":{"rendered":"<p>El passat 6 de febrer, l\u2019alumnat de sis\u00e8 va anar a l\u2019auditori de l&#8217;institut Joan Pelegr\u00ed, a veure l\u2019obra de teatre \u201cDr\u00e0cula\u201d. Aquesta sortida estava dins de l\u2019assignatura d&#8217;angl\u00e8s, com eina vivencial per poder interactuar i practicar l\u2019idioma. La hist\u00f2ria va d&#8217;un vampir, que est\u00e0&hellip;  <a href=\"https:\/\/agora.xtec.cat\/ceip-joanmiro-barcelona\/general\/experiencies-de-sise-al-febrer\/\" title=\"Read Experi\u00e8ncies de sis\u00e8 al febrer\">Llegeix m\u00e9s\u00bb<\/a><\/p>\n","protected":false},"author":150,"featured_media":12644,"comment_status":"open","ping_status":"closed","sticky":false,"template":"","format":"standard","meta":{"_bbp_topic_count":0,"_bbp_reply_count":0,"_bbp_total_topic_count":0,"_bbp_total_reply_count":0,"_bbp_voice_count":0,"_bbp_anonymous_reply_count":0,"_bbp_topic_count_hidden":0,"_bbp_reply_count_hidden":0,"_bbp_forum_subforum_count":0,"footnotes":""},"categories":[1,5],"tags":[],"class_list":["post-12638","post","type-post","status-publish","format-standard","has-post-thumbnail","hentry","category-general","category-primaria"],"post_mailing_queue_ids":[],"_links":{"self":[{"href":"https:\/\/agora.xtec.cat\/ceip-joanmiro-barcelona\/wp-json\/wp\/v2\/posts\/12638","targetHints":{"allow":["GET"]}}],"collection":[{"href":"https:\/\/agora.xtec.cat\/ceip-joanmiro-barcelona\/wp-json\/wp\/v2\/posts"}],"about":[{"href":"https:\/\/agora.xtec.cat\/ceip-joanmiro-barcelona\/wp-json\/wp\/v2\/types\/post"}],"author":[{"embeddable":true,"href":"https:\/\/agora.xtec.cat\/ceip-joanmiro-barcelona\/wp-json\/wp\/v2\/users\/150"}],"replies":[{"embeddable":true,"href":"https:\/\/agora.xtec.cat\/ceip-joanmiro-barcelona\/wp-json\/wp\/v2\/comments?post=12638"}],"version-history":[{"count":3,"href":"https:\/\/agora.xtec.cat\/ceip-joanmiro-barcelona\/wp-json\/wp\/v2\/posts\/12638\/revisions"}],"predecessor-version":[{"id":12645,"href":"https:\/\/agora.xtec.cat\/ceip-joanmiro-barcelona\/wp-json\/wp\/v2\/posts\/12638\/revisions\/12645"}],"wp:featuredmedia":[{"embeddable":true,"href":"https:\/\/agora.xtec.cat\/ceip-joanmiro-barcelona\/wp-json\/wp\/v2\/media\/12644"}],"wp:attachment":[{"href":"https:\/\/agora.xtec.cat\/ceip-joanmiro-barcelona\/wp-json\/wp\/v2\/media?parent=12638"}],"wp:term":[{"taxonomy":"category","embeddable":true,"href":"https:\/\/agora.xtec.cat\/ceip-joanmiro-barcelona\/wp-json\/wp\/v2\/categories?post=12638"},{"taxonomy":"post_tag","embeddable":true,"href":"https:\/\/agora.xtec.cat\/ceip-joanmiro-barcelona\/wp-json\/wp\/v2\/tags?post=12638"}],"curies":[{"name":"wp","href":"https:\/\/api.w.org\/{rel}","templated":true}]}}