{"id":12544,"date":"2025-03-16T11:46:21","date_gmt":"2025-03-16T10:46:21","guid":{"rendered":"https:\/\/agora.xtec.cat\/ceip-joanmiro-barcelona\/?p=12544"},"modified":"2025-03-16T11:46:21","modified_gmt":"2025-03-16T10:46:21","slug":"lalumnat-de-2n-participa-al-dansa-ara-2025","status":"publish","type":"post","link":"https:\/\/agora.xtec.cat\/ceip-joanmiro-barcelona\/general\/lalumnat-de-2n-participa-al-dansa-ara-2025\/","title":{"rendered":"L&#8217;alumnat de 2n participa al Dansa Ara 2025"},"content":{"rendered":"<p><span style=\"font-weight: 400;\">El dimarts 11 de mar\u00e7 per fi va arribar el dia que tant hav\u00edem estat <\/span><span style=\"font-weight: 400;\">esperant durant tot el curs de segon\u2026 El Dansa Ara!<\/span><\/p>\n<p><span style=\"font-weight: 400;\">Aquest \u00e9s un esdeveniment de dansa contempor\u00e0nia organitzat per l&#8217;Ajuntament <\/span><span style=\"font-weight: 400;\">de Barcelona en qu\u00e8 hem participat m\u00e9s de 10.000 nens i nenes de segon de <\/span><span style=\"font-weight: 400;\">prim\u00e0ria al Palau Sant Jordi.<\/span><\/p>\n<p><span style=\"font-weight: 400;\">Tots els nens i nenes port\u00e0vem la mateixa samarreta en diferents tons <\/span><span style=\"font-weight: 400;\">de color blau. Les nostres eren de color blau clar.<\/span><\/p>\n<p><span style=\"font-weight: 400;\">Primer vam gaudir de la coreografia feta pels ballarins i ballarines de l\u2019Institut del Teatre.<\/span><\/p>\n<p><span style=\"font-weight: 400;\">Seguidament, ens van convertir en protagonistes ballant el repertori de danses que hem apr\u00e8s els darrers mesos a les sessions de m\u00fasica i Educaci\u00f3 f\u00edsica a l\u2019escola. Hem adquirit coneixements de moviment r\u00edtmic i expressiu d\u2019una manera divertida i l\u2019esfor\u00e7 ha valgut la pena.<\/span><\/p>\n<p><span style=\"font-weight: 400;\">Hem apr\u00e8s a gaudir amb la dansa i ens ha encantat poder compartir aquest moment tan especial amb totes les altres escoles de Barcelona.<\/span><\/p>\n<p><span style=\"font-weight: 400;\">Va ser un dia molt emocionant per a totes i tots nosaltres!\u00a0<\/span><\/p>\n<p><a href=\"https:\/\/agora.xtec.cat\/ceip-joanmiro-barcelona\/wp-content\/uploads\/usu741\/2025\/03\/PXL_20250311_094809378-Mediano-1.jpg\"><img loading=\"lazy\" decoding=\"async\" class=\"alignnone wp-image-12546\" src=\"https:\/\/agora.xtec.cat\/ceip-joanmiro-barcelona\/wp-content\/uploads\/usu741\/2025\/03\/PXL_20250311_094809378-Mediano-1-1024x576.jpg\" alt=\"\" width=\"567\" height=\"319\" srcset=\"https:\/\/agora.xtec.cat\/ceip-joanmiro-barcelona\/wp-content\/uploads\/usu741\/2025\/03\/PXL_20250311_094809378-Mediano-1-1024x576.jpg 1024w, https:\/\/agora.xtec.cat\/ceip-joanmiro-barcelona\/wp-content\/uploads\/usu741\/2025\/03\/PXL_20250311_094809378-Mediano-1-300x169.jpg 300w, https:\/\/agora.xtec.cat\/ceip-joanmiro-barcelona\/wp-content\/uploads\/usu741\/2025\/03\/PXL_20250311_094809378-Mediano-1-768x432.jpg 768w, https:\/\/agora.xtec.cat\/ceip-joanmiro-barcelona\/wp-content\/uploads\/usu741\/2025\/03\/PXL_20250311_094809378-Mediano-1.jpg 1365w\" sizes=\"auto, (max-width: 567px) 100vw, 567px\" \/><\/a><\/p>\n<p><a href=\"https:\/\/agora.xtec.cat\/ceip-joanmiro-barcelona\/wp-content\/uploads\/usu741\/2025\/03\/2-Pequeno.jpg\"><img loading=\"lazy\" decoding=\"async\" class=\"alignnone wp-image-12547\" src=\"https:\/\/agora.xtec.cat\/ceip-joanmiro-barcelona\/wp-content\/uploads\/usu741\/2025\/03\/2-Pequeno.jpg\" alt=\"\" width=\"470\" height=\"564\" srcset=\"https:\/\/agora.xtec.cat\/ceip-joanmiro-barcelona\/wp-content\/uploads\/usu741\/2025\/03\/2-Pequeno.jpg 480w, https:\/\/agora.xtec.cat\/ceip-joanmiro-barcelona\/wp-content\/uploads\/usu741\/2025\/03\/2-Pequeno-250x300.jpg 250w\" sizes=\"auto, (max-width: 470px) 100vw, 470px\" \/><\/a><\/p>\n<p><a href=\"https:\/\/agora.xtec.cat\/ceip-joanmiro-barcelona\/wp-content\/uploads\/usu741\/2025\/03\/3-Pequeno.jpg\"><img loading=\"lazy\" decoding=\"async\" class=\"alignnone wp-image-12548\" src=\"https:\/\/agora.xtec.cat\/ceip-joanmiro-barcelona\/wp-content\/uploads\/usu741\/2025\/03\/3-Pequeno.jpg\" alt=\"\" width=\"520\" height=\"293\" srcset=\"https:\/\/agora.xtec.cat\/ceip-joanmiro-barcelona\/wp-content\/uploads\/usu741\/2025\/03\/3-Pequeno.jpg 853w, https:\/\/agora.xtec.cat\/ceip-joanmiro-barcelona\/wp-content\/uploads\/usu741\/2025\/03\/3-Pequeno-300x169.jpg 300w, https:\/\/agora.xtec.cat\/ceip-joanmiro-barcelona\/wp-content\/uploads\/usu741\/2025\/03\/3-Pequeno-768x432.jpg 768w\" sizes=\"auto, (max-width: 520px) 100vw, 520px\" \/><\/a><\/p>\n<p><a href=\"https:\/\/agora.xtec.cat\/ceip-joanmiro-barcelona\/wp-content\/uploads\/usu741\/2025\/03\/Captura.jpg\"><img loading=\"lazy\" decoding=\"async\" class=\"alignnone wp-image-12549\" src=\"https:\/\/agora.xtec.cat\/ceip-joanmiro-barcelona\/wp-content\/uploads\/usu741\/2025\/03\/Captura.jpg\" alt=\"\" width=\"639\" height=\"286\" srcset=\"https:\/\/agora.xtec.cat\/ceip-joanmiro-barcelona\/wp-content\/uploads\/usu741\/2025\/03\/Captura.jpg 708w, https:\/\/agora.xtec.cat\/ceip-joanmiro-barcelona\/wp-content\/uploads\/usu741\/2025\/03\/Captura-300x134.jpg 300w\" sizes=\"auto, (max-width: 639px) 100vw, 639px\" \/><\/a><\/p>\n<p>&nbsp;<\/p>\n<p>&nbsp;<\/p>\n","protected":false},"excerpt":{"rendered":"<p>El dimarts 11 de mar\u00e7 per fi va arribar el dia que tant hav\u00edem estat esperant durant tot el curs de segon\u2026 El Dansa Ara! Aquest \u00e9s un esdeveniment de dansa contempor\u00e0nia organitzat per l&#8217;Ajuntament de Barcelona en qu\u00e8 hem participat m\u00e9s de 10.000 nens i nenes de segon de prim\u00e0ria al Palau Sant Jordi. [&hellip;]<\/p>\n","protected":false},"author":126,"featured_media":12549,"comment_status":"open","ping_status":"closed","sticky":false,"template":"","format":"standard","meta":{"_bbp_topic_count":0,"_bbp_reply_count":0,"_bbp_total_topic_count":0,"_bbp_total_reply_count":0,"_bbp_voice_count":0,"_bbp_anonymous_reply_count":0,"_bbp_topic_count_hidden":0,"_bbp_reply_count_hidden":0,"_bbp_forum_subforum_count":0,"site-sidebar-layout":"default","site-content-layout":"","ast-site-content-layout":"","site-content-style":"default","site-sidebar-style":"default","ast-global-header-display":"","ast-banner-title-visibility":"","ast-main-header-display":"","ast-hfb-above-header-display":"","ast-hfb-below-header-display":"","ast-hfb-mobile-header-display":"","site-post-title":"","ast-breadcrumbs-content":"","ast-featured-img":"","footer-sml-layout":"","theme-transparent-header-meta":"","adv-header-id-meta":"","stick-header-meta":"","header-above-stick-meta":"","header-main-stick-meta":"","header-below-stick-meta":"","astra-migrate-meta-layouts":"default","ast-page-background-enabled":"default","ast-page-background-meta":{"desktop":{"background-color":"var(--ast-global-color-4)","background-image":"","background-repeat":"repeat","background-position":"center center","background-size":"auto","background-attachment":"scroll","background-type":"","background-media":"","overlay-type":"","overlay-color":"","overlay-opacity":"","overlay-gradient":""},"tablet":{"background-color":"","background-image":"","background-repeat":"repeat","background-position":"center center","background-size":"auto","background-attachment":"scroll","background-type":"","background-media":"","overlay-type":"","overlay-color":"","overlay-opacity":"","overlay-gradient":""},"mobile":{"background-color":"","background-image":"","background-repeat":"repeat","background-position":"center center","background-size":"auto","background-attachment":"scroll","background-type":"","background-media":"","overlay-type":"","overlay-color":"","overlay-opacity":"","overlay-gradient":""}},"ast-content-background-meta":{"desktop":{"background-color":"var(--ast-global-color-5)","background-image":"","background-repeat":"repeat","background-position":"center center","background-size":"auto","background-attachment":"scroll","background-type":"","background-media":"","overlay-type":"","overlay-color":"","overlay-opacity":"","overlay-gradient":""},"tablet":{"background-color":"var(--ast-global-color-5)","background-image":"","background-repeat":"repeat","background-position":"center center","background-size":"auto","background-attachment":"scroll","background-type":"","background-media":"","overlay-type":"","overlay-color":"","overlay-opacity":"","overlay-gradient":""},"mobile":{"background-color":"var(--ast-global-color-5)","background-image":"","background-repeat":"repeat","background-position":"center center","background-size":"auto","background-attachment":"scroll","background-type":"","background-media":"","overlay-type":"","overlay-color":"","overlay-opacity":"","overlay-gradient":""}},"footnotes":""},"categories":[229,300,1,4,5,30],"tags":[292,291],"class_list":["post-12544","post","type-post","status-publish","format-standard","has-post-thumbnail","hentry","category-quart","category-educacio-fisica","category-general","category-portada","category-primaria","category-valors","tag-farigola","tag-julivert"],"post_mailing_queue_ids":[],"_links":{"self":[{"href":"https:\/\/agora.xtec.cat\/ceip-joanmiro-barcelona\/wp-json\/wp\/v2\/posts\/12544","targetHints":{"allow":["GET"]}}],"collection":[{"href":"https:\/\/agora.xtec.cat\/ceip-joanmiro-barcelona\/wp-json\/wp\/v2\/posts"}],"about":[{"href":"https:\/\/agora.xtec.cat\/ceip-joanmiro-barcelona\/wp-json\/wp\/v2\/types\/post"}],"author":[{"embeddable":true,"href":"https:\/\/agora.xtec.cat\/ceip-joanmiro-barcelona\/wp-json\/wp\/v2\/users\/126"}],"replies":[{"embeddable":true,"href":"https:\/\/agora.xtec.cat\/ceip-joanmiro-barcelona\/wp-json\/wp\/v2\/comments?post=12544"}],"version-history":[{"count":4,"href":"https:\/\/agora.xtec.cat\/ceip-joanmiro-barcelona\/wp-json\/wp\/v2\/posts\/12544\/revisions"}],"predecessor-version":[{"id":12553,"href":"https:\/\/agora.xtec.cat\/ceip-joanmiro-barcelona\/wp-json\/wp\/v2\/posts\/12544\/revisions\/12553"}],"wp:featuredmedia":[{"embeddable":true,"href":"https:\/\/agora.xtec.cat\/ceip-joanmiro-barcelona\/wp-json\/wp\/v2\/media\/12549"}],"wp:attachment":[{"href":"https:\/\/agora.xtec.cat\/ceip-joanmiro-barcelona\/wp-json\/wp\/v2\/media?parent=12544"}],"wp:term":[{"taxonomy":"category","embeddable":true,"href":"https:\/\/agora.xtec.cat\/ceip-joanmiro-barcelona\/wp-json\/wp\/v2\/categories?post=12544"},{"taxonomy":"post_tag","embeddable":true,"href":"https:\/\/agora.xtec.cat\/ceip-joanmiro-barcelona\/wp-json\/wp\/v2\/tags?post=12544"}],"curies":[{"name":"wp","href":"https:\/\/api.w.org\/{rel}","templated":true}]}}