{"id":1244,"date":"2016-11-25T18:42:57","date_gmt":"2016-11-25T17:42:57","guid":{"rendered":"http:\/\/agora.xtec.cat\/ceip-joanmiro-barcelona\/?p=1244"},"modified":"2016-11-25T21:04:52","modified_gmt":"2016-11-25T20:04:52","slug":"estem-a-la-ultima","status":"publish","type":"post","link":"https:\/\/agora.xtec.cat\/ceip-joanmiro-barcelona\/primaria\/estem-a-la-ultima\/","title":{"rendered":"Estem a l&#8217;\u00faltima!!!"},"content":{"rendered":"<p style=\"text-align: justify;\">Aqu\u00ed us deixem uns v\u00eddeos de les nostres classes perqu\u00e8 veieu el canon que hem apr\u00e8s a l&#8217;assignatura de m\u00fasica. Per ser el primer assaig no est\u00e0 gens malament!! Ja anirem penjant m\u00e9s v\u00eddeos perqu\u00e8 pugueu veure la nostra progressi\u00f3.<\/p>\n<p style=\"text-align: justify;\">Com que ens agrada estar a la moda i no quedar-nos enrere de les noves tend\u00e8ncies us deixem el <em>manequin challenge<\/em> que hem fet.<\/p>\n<p>https:\/\/youtu.be\/AUkajzGkYKI<\/p>\n<p>https:\/\/youtu.be\/fDHwKbOEdEU<\/p>\n<p>https:\/\/youtu.be\/wuKKaIu46Sk<\/p>\n<p>https:\/\/youtu.be\/u7gO_BmC2cI<\/p>\n<p style=\"text-align: justify;\">Aquest cap de setmana repasseu una mica naturals i sobretot passeu-ho molt b\u00e9!!<\/p>\n","protected":false},"excerpt":{"rendered":"<p>Aqu\u00ed us deixem uns v\u00eddeos de les nostres classes perqu\u00e8 veieu el canon que hem apr\u00e8s a l&#8217;assignatura de m\u00fasica. Per ser el primer assaig no est\u00e0 gens malament!! Ja anirem penjant m\u00e9s v\u00eddeos perqu\u00e8 pugueu veure la nostra progressi\u00f3.<br \/>\nCom que ens agrada estar a&hellip;  <a href=\"https:\/\/agora.xtec.cat\/ceip-joanmiro-barcelona\/primaria\/estem-a-la-ultima\/\" title=\"Read Estem a l&#8217;\u00faltima!!!\">Llegeix m\u00e9s\u00bb<\/a><\/p>\n","protected":false},"author":1,"featured_media":1248,"comment_status":"open","ping_status":"open","sticky":false,"template":"","format":"standard","meta":{"_bbp_topic_count":0,"_bbp_reply_count":0,"_bbp_total_topic_count":0,"_bbp_total_reply_count":0,"_bbp_voice_count":0,"_bbp_anonymous_reply_count":0,"_bbp_topic_count_hidden":0,"_bbp_reply_count_hidden":0,"_bbp_forum_subforum_count":0,"footnotes":""},"categories":[5,12],"tags":[55,99,98],"class_list":["post-1244","post","type-post","status-publish","format-standard","has-post-thumbnail","hentry","category-primaria","category-promocio2020","tag-3r","tag-egipcis-i-egipcies","tag-romans-i-romanes"],"post_mailing_queue_ids":[],"_links":{"self":[{"href":"https:\/\/agora.xtec.cat\/ceip-joanmiro-barcelona\/wp-json\/wp\/v2\/posts\/1244","targetHints":{"allow":["GET"]}}],"collection":[{"href":"https:\/\/agora.xtec.cat\/ceip-joanmiro-barcelona\/wp-json\/wp\/v2\/posts"}],"about":[{"href":"https:\/\/agora.xtec.cat\/ceip-joanmiro-barcelona\/wp-json\/wp\/v2\/types\/post"}],"author":[{"embeddable":true,"href":"https:\/\/agora.xtec.cat\/ceip-joanmiro-barcelona\/wp-json\/wp\/v2\/users\/1"}],"replies":[{"embeddable":true,"href":"https:\/\/agora.xtec.cat\/ceip-joanmiro-barcelona\/wp-json\/wp\/v2\/comments?post=1244"}],"version-history":[{"count":3,"href":"https:\/\/agora.xtec.cat\/ceip-joanmiro-barcelona\/wp-json\/wp\/v2\/posts\/1244\/revisions"}],"predecessor-version":[{"id":1250,"href":"https:\/\/agora.xtec.cat\/ceip-joanmiro-barcelona\/wp-json\/wp\/v2\/posts\/1244\/revisions\/1250"}],"wp:featuredmedia":[{"embeddable":true,"href":"https:\/\/agora.xtec.cat\/ceip-joanmiro-barcelona\/wp-json\/wp\/v2\/media\/1248"}],"wp:attachment":[{"href":"https:\/\/agora.xtec.cat\/ceip-joanmiro-barcelona\/wp-json\/wp\/v2\/media?parent=1244"}],"wp:term":[{"taxonomy":"category","embeddable":true,"href":"https:\/\/agora.xtec.cat\/ceip-joanmiro-barcelona\/wp-json\/wp\/v2\/categories?post=1244"},{"taxonomy":"post_tag","embeddable":true,"href":"https:\/\/agora.xtec.cat\/ceip-joanmiro-barcelona\/wp-json\/wp\/v2\/tags?post=1244"}],"curies":[{"name":"wp","href":"https:\/\/api.w.org\/{rel}","templated":true}]}}