{"id":12397,"date":"2025-01-25T11:13:42","date_gmt":"2025-01-25T10:13:42","guid":{"rendered":"https:\/\/agora.xtec.cat\/ceip-joanmiro-barcelona\/?p=12397"},"modified":"2025-01-25T11:14:20","modified_gmt":"2025-01-25T10:14:20","slug":"que-fem-a-lescola","status":"publish","type":"post","link":"https:\/\/agora.xtec.cat\/ceip-joanmiro-barcelona\/general\/que-fem-a-lescola\/","title":{"rendered":"Qu\u00e8 fem a l&#8217;escola?"},"content":{"rendered":"<p>Aquest curs, a l\u2019escola Joan Mir\u00f3, estem vivint un munt d\u2019activitats i projectes que ens estan ajudant a aprendre molt.<\/p>\n<p>Cada dia comencem a les 8:55 i acabem a les 16:25, i durant aquest temps combinem estones de treball a classe, moments al pati per jugar i l\u2019hora de dinar al menjador. Per\u00f2 el m\u00e9s especial s\u00f3n els projectes i activitats que hem fet aquest trimestre!<\/p>\n<p>A llengua catalana, estem treballant durant tot el curs un projecte que es diu <em>Som periodistes<\/em>. Ens hem convertit en aut\u00e8ntics periodistes, escrivint not\u00edcies, entrevistes i hist\u00f2ries. Hem apr\u00e8s molt sobre com expressar-nos i organitzar les nostres idees per comunicar-les millor.<\/p>\n<p>A treball globalitzat, el trimestre passat hem fet un projecte sobre els \u00e9ssers vius. Hem descobert els cinc regnes i moltes curiositats sobre la natura. A m\u00e9s, hem pogut treballar a l\u2019hort de l\u2019escola, cuidant les plantes i observant com creixen. Aquesta experi\u00e8ncia ens ha connectat amb el medi ambient i ens ha ajudat a entendre millor la import\u00e0ncia de tenir cura del nostre entorn.<\/p>\n<p>Tamb\u00e9 hem fet altres activitats molt interessants. A m\u00fasica, hem apr\u00e8s a tocar la flauta, i a llengua castellana hem treballat el di\u00e0leg per millorar la nostra expressi\u00f3 oral i escrita.<\/p>\n<p>Cada divendres, a m\u00e9s, fem una activitat molt especial: els cercles. Ens reunim tota la classe per parlar de com ens sentim, compartir experi\u00e8ncies i reflexionar sobre els conflictes que han pogut sorgir durant la setmana. Aquesta activitat ens ajuda a entendre\u2019ns millor, a respectar-nos i a mantenir un bon ambient a l\u2019aula.<\/p>\n<p>Ens sentim molt orgullosos i orgulloses de tot el que hem apr\u00e8s i estem aprenent. Per acabar, una proposta: ens agradaria tenir m\u00e9s hores d\u2019inform\u00e0tica durant tots els cursos, perqu\u00e8 pensem que \u00e9s molt important aprendre a utilitzar b\u00e9 les eines digitals i preparar-nos per al futur.<\/p>\n<p>&nbsp;<\/p>\n<p>Bru, Luka, Nathali i Kaylon<\/p>\n","protected":false},"excerpt":{"rendered":"<p>Aquest curs, a l\u2019escola Joan Mir\u00f3, estem vivint un munt d\u2019activitats i projectes que ens estan ajudant a aprendre molt.<br \/>\nCada dia comencem a les 8:55 i acabem a les 16:25, i durant aquest temps combinem estones de treball a classe, moments al pati per jugar&hellip;  <a href=\"https:\/\/agora.xtec.cat\/ceip-joanmiro-barcelona\/general\/que-fem-a-lescola\/\" title=\"Read Qu\u00e8 fem a l&#8217;escola?\">Llegeix m\u00e9s\u00bb<\/a><\/p>\n","protected":false},"author":116,"featured_media":12398,"comment_status":"open","ping_status":"closed","sticky":false,"template":"","format":"standard","meta":{"_bbp_topic_count":0,"_bbp_reply_count":0,"_bbp_total_topic_count":0,"_bbp_total_reply_count":0,"_bbp_voice_count":0,"_bbp_anonymous_reply_count":0,"_bbp_topic_count_hidden":0,"_bbp_reply_count_hidden":0,"_bbp_forum_subforum_count":0,"footnotes":""},"categories":[150,1,4],"tags":[206,213,309,310],"class_list":["post-12397","post","type-post","status-publish","format-standard","has-post-thumbnail","hentry","category-sise","category-general","category-portada","tag-5e","tag-cicle-superior","tag-dia-a-dia","tag-escola-joan-miro"],"post_mailing_queue_ids":[],"_links":{"self":[{"href":"https:\/\/agora.xtec.cat\/ceip-joanmiro-barcelona\/wp-json\/wp\/v2\/posts\/12397","targetHints":{"allow":["GET"]}}],"collection":[{"href":"https:\/\/agora.xtec.cat\/ceip-joanmiro-barcelona\/wp-json\/wp\/v2\/posts"}],"about":[{"href":"https:\/\/agora.xtec.cat\/ceip-joanmiro-barcelona\/wp-json\/wp\/v2\/types\/post"}],"author":[{"embeddable":true,"href":"https:\/\/agora.xtec.cat\/ceip-joanmiro-barcelona\/wp-json\/wp\/v2\/users\/116"}],"replies":[{"embeddable":true,"href":"https:\/\/agora.xtec.cat\/ceip-joanmiro-barcelona\/wp-json\/wp\/v2\/comments?post=12397"}],"version-history":[{"count":2,"href":"https:\/\/agora.xtec.cat\/ceip-joanmiro-barcelona\/wp-json\/wp\/v2\/posts\/12397\/revisions"}],"predecessor-version":[{"id":12400,"href":"https:\/\/agora.xtec.cat\/ceip-joanmiro-barcelona\/wp-json\/wp\/v2\/posts\/12397\/revisions\/12400"}],"wp:featuredmedia":[{"embeddable":true,"href":"https:\/\/agora.xtec.cat\/ceip-joanmiro-barcelona\/wp-json\/wp\/v2\/media\/12398"}],"wp:attachment":[{"href":"https:\/\/agora.xtec.cat\/ceip-joanmiro-barcelona\/wp-json\/wp\/v2\/media?parent=12397"}],"wp:term":[{"taxonomy":"category","embeddable":true,"href":"https:\/\/agora.xtec.cat\/ceip-joanmiro-barcelona\/wp-json\/wp\/v2\/categories?post=12397"},{"taxonomy":"post_tag","embeddable":true,"href":"https:\/\/agora.xtec.cat\/ceip-joanmiro-barcelona\/wp-json\/wp\/v2\/tags?post=12397"}],"curies":[{"name":"wp","href":"https:\/\/api.w.org\/{rel}","templated":true}]}}