{"id":12312,"date":"2024-11-18T20:39:19","date_gmt":"2024-11-18T19:39:19","guid":{"rendered":"https:\/\/agora.xtec.cat\/ceip-joanmiro-barcelona\/?p=12312"},"modified":"2024-11-18T20:39:19","modified_gmt":"2024-11-18T19:39:19","slug":"els-infants-de-primer-visitem-la-biblioteca-joan-miro","status":"publish","type":"post","link":"https:\/\/agora.xtec.cat\/ceip-joanmiro-barcelona\/general\/els-infants-de-primer-visitem-la-biblioteca-joan-miro\/","title":{"rendered":"Els infants de primer visitem la Biblioteca Joan Mir\u00f3"},"content":{"rendered":"<p>Aquest mes de novembre els nens i nenes d\u2019Oca i Parx\u00eds, vam anar a visitar la Biblioteca \u201cJoan Mir\u00f3\u201d.<\/p>\n<p>La Biblioteca est\u00e0 molt a prop de l\u2019escola, vam anar caminant i de seguida hi vam arribar. Ten\u00edem moltes ganes d\u2019entrar.<\/p>\n<p>Ens van explicar com funciona el pr\u00e9stec amb el carnet de biblioteca, qu\u00e8 podem agafar: llibres, pel\u00b7l\u00edcules, m\u00fasica&#8230; quants en podem agafar i el temps que ens el podem emportar a casa. Tamb\u00e9 ens van explicar com estan ordenats i classificats els llibres segons els gomets de colors. Tamb\u00e9 ens van explicar el conte i ens va agradar molt.<\/p>\n<p>I per acabar la sortida vam anar a jugar una estona al Parc Joan Mir\u00f3.<\/p>\n<p><a href=\"https:\/\/agora.xtec.cat\/ceip-joanmiro-barcelona\/wp-content\/uploads\/usu741\/2024\/11\/C-Pequeno.jpeg\"><img loading=\"lazy\" decoding=\"async\" class=\"alignnone size-full wp-image-12313\" src=\"https:\/\/agora.xtec.cat\/ceip-joanmiro-barcelona\/wp-content\/uploads\/usu741\/2024\/11\/C-Pequeno.jpeg\" alt=\"\" width=\"640\" height=\"480\" srcset=\"https:\/\/agora.xtec.cat\/ceip-joanmiro-barcelona\/wp-content\/uploads\/usu741\/2024\/11\/C-Pequeno.jpeg 640w, https:\/\/agora.xtec.cat\/ceip-joanmiro-barcelona\/wp-content\/uploads\/usu741\/2024\/11\/C-Pequeno-300x225.jpeg 300w, https:\/\/agora.xtec.cat\/ceip-joanmiro-barcelona\/wp-content\/uploads\/usu741\/2024\/11\/C-Pequeno-200x150.jpeg 200w\" sizes=\"auto, (max-width: 640px) 100vw, 640px\" \/><\/a><\/p>\n<p><a href=\"https:\/\/agora.xtec.cat\/ceip-joanmiro-barcelona\/wp-content\/uploads\/usu741\/2024\/11\/D-Pequeno.jpeg\"><img loading=\"lazy\" decoding=\"async\" class=\"alignnone size-full wp-image-12314\" src=\"https:\/\/agora.xtec.cat\/ceip-joanmiro-barcelona\/wp-content\/uploads\/usu741\/2024\/11\/D-Pequeno.jpeg\" alt=\"\" width=\"640\" height=\"480\" srcset=\"https:\/\/agora.xtec.cat\/ceip-joanmiro-barcelona\/wp-content\/uploads\/usu741\/2024\/11\/D-Pequeno.jpeg 640w, https:\/\/agora.xtec.cat\/ceip-joanmiro-barcelona\/wp-content\/uploads\/usu741\/2024\/11\/D-Pequeno-300x225.jpeg 300w, https:\/\/agora.xtec.cat\/ceip-joanmiro-barcelona\/wp-content\/uploads\/usu741\/2024\/11\/D-Pequeno-200x150.jpeg 200w\" sizes=\"auto, (max-width: 640px) 100vw, 640px\" \/><\/a><\/p>\n<p><a href=\"https:\/\/agora.xtec.cat\/ceip-joanmiro-barcelona\/wp-content\/uploads\/usu741\/2024\/11\/E-Pequeno.jpg\"><img loading=\"lazy\" decoding=\"async\" class=\"alignnone size-full wp-image-12315\" src=\"https:\/\/agora.xtec.cat\/ceip-joanmiro-barcelona\/wp-content\/uploads\/usu741\/2024\/11\/E-Pequeno.jpg\" alt=\"\" width=\"640\" height=\"480\" srcset=\"https:\/\/agora.xtec.cat\/ceip-joanmiro-barcelona\/wp-content\/uploads\/usu741\/2024\/11\/E-Pequeno.jpg 640w, https:\/\/agora.xtec.cat\/ceip-joanmiro-barcelona\/wp-content\/uploads\/usu741\/2024\/11\/E-Pequeno-300x225.jpg 300w, https:\/\/agora.xtec.cat\/ceip-joanmiro-barcelona\/wp-content\/uploads\/usu741\/2024\/11\/E-Pequeno-200x150.jpg 200w\" sizes=\"auto, (max-width: 640px) 100vw, 640px\" \/><\/a><\/p>\n<p>&nbsp;<\/p>\n","protected":false},"excerpt":{"rendered":"<p>Aquest mes de novembre els nens i nenes d\u2019Oca i Parx\u00eds, vam anar a visitar la Biblioteca \u201cJoan Mir\u00f3\u201d.<br \/>\nLa Biblioteca est\u00e0 molt a prop de l\u2019escola, vam anar caminant i de seguida hi vam arribar. Ten\u00edem moltes ganes d\u2019entrar.<br \/>\nEns van explicar com funciona el pr\u00e9stec&hellip;  <a href=\"https:\/\/agora.xtec.cat\/ceip-joanmiro-barcelona\/general\/els-infants-de-primer-visitem-la-biblioteca-joan-miro\/\" title=\"Read Els infants de primer visitem la Biblioteca Joan Mir\u00f3\">Llegeix m\u00e9s\u00bb<\/a><\/p>\n","protected":false},"author":126,"featured_media":12314,"comment_status":"open","ping_status":"closed","sticky":false,"template":"","format":"standard","meta":{"_bbp_topic_count":0,"_bbp_reply_count":0,"_bbp_total_topic_count":0,"_bbp_total_reply_count":0,"_bbp_voice_count":0,"_bbp_anonymous_reply_count":0,"_bbp_topic_count_hidden":0,"_bbp_reply_count_hidden":0,"_bbp_forum_subforum_count":0,"footnotes":""},"categories":[241,1,4,5,30],"tags":[],"class_list":["post-12312","post","type-post","status-publish","format-standard","has-post-thumbnail","hentry","category-segon","category-general","category-portada","category-primaria","category-valors"],"post_mailing_queue_ids":[],"_links":{"self":[{"href":"https:\/\/agora.xtec.cat\/ceip-joanmiro-barcelona\/wp-json\/wp\/v2\/posts\/12312","targetHints":{"allow":["GET"]}}],"collection":[{"href":"https:\/\/agora.xtec.cat\/ceip-joanmiro-barcelona\/wp-json\/wp\/v2\/posts"}],"about":[{"href":"https:\/\/agora.xtec.cat\/ceip-joanmiro-barcelona\/wp-json\/wp\/v2\/types\/post"}],"author":[{"embeddable":true,"href":"https:\/\/agora.xtec.cat\/ceip-joanmiro-barcelona\/wp-json\/wp\/v2\/users\/126"}],"replies":[{"embeddable":true,"href":"https:\/\/agora.xtec.cat\/ceip-joanmiro-barcelona\/wp-json\/wp\/v2\/comments?post=12312"}],"version-history":[{"count":1,"href":"https:\/\/agora.xtec.cat\/ceip-joanmiro-barcelona\/wp-json\/wp\/v2\/posts\/12312\/revisions"}],"predecessor-version":[{"id":12316,"href":"https:\/\/agora.xtec.cat\/ceip-joanmiro-barcelona\/wp-json\/wp\/v2\/posts\/12312\/revisions\/12316"}],"wp:featuredmedia":[{"embeddable":true,"href":"https:\/\/agora.xtec.cat\/ceip-joanmiro-barcelona\/wp-json\/wp\/v2\/media\/12314"}],"wp:attachment":[{"href":"https:\/\/agora.xtec.cat\/ceip-joanmiro-barcelona\/wp-json\/wp\/v2\/media?parent=12312"}],"wp:term":[{"taxonomy":"category","embeddable":true,"href":"https:\/\/agora.xtec.cat\/ceip-joanmiro-barcelona\/wp-json\/wp\/v2\/categories?post=12312"},{"taxonomy":"post_tag","embeddable":true,"href":"https:\/\/agora.xtec.cat\/ceip-joanmiro-barcelona\/wp-json\/wp\/v2\/tags?post=12312"}],"curies":[{"name":"wp","href":"https:\/\/api.w.org\/{rel}","templated":true}]}}