{"id":1226,"date":"2016-11-23T19:25:01","date_gmt":"2016-11-23T18:25:01","guid":{"rendered":"http:\/\/agora.xtec.cat\/ceip-joanmiro-barcelona\/?p=1226"},"modified":"2016-11-25T12:47:57","modified_gmt":"2016-11-25T11:47:57","slug":"prova-de-naturals","status":"publish","type":"post","link":"https:\/\/agora.xtec.cat\/ceip-joanmiro-barcelona\/primaria\/prova-de-naturals\/","title":{"rendered":"Naturals!!"},"content":{"rendered":"<p style=\"text-align: justify\">El proper dilluns dia 28 farem una petita prova de naturals. Per repassar podeu fer servir totes les feines que hem fet al llarg del trimestre i heu portat a casa amb la carpeta verda.<\/p>\n<p style=\"text-align: justify\">A m\u00e9s de les feines tamb\u00e9 us recomanem que estudieu el full resum que us hem repartit i que\u00a0 podeu consultar al seg\u00fcent enlla\u00e7:<\/p>\n<p style=\"text-align: justify\"><a href=\"http:\/\/agora.xtec.cat\/ceip-joanmiro-barcelona\/wp-content\/uploads\/usu741\/2016\/11\/Full-destudi-dels-aliments.doc\"><img loading=\"lazy\" decoding=\"async\" class=\"irc_mi i8QZfVXdmXak-pQOPx8XEepE aligncenter\" src=\"http:\/\/ladieta.galeon.com\/nutricion4.gif\" alt=\"Resultado de imagen de ingestion de alimentos gif animado\" width=\"250\" height=\"339\" \/><\/a><\/p>\n<p style=\"text-align: justify\">En cas de no entendre alguna cosa sobre la digesti\u00f3 podeu veure aquest v\u00eddeo on s&#8217;explica fil per randa tot el proc\u00e9s digestiu.<\/p>\n<p style=\"padding-left: 90px\"><iframe loading=\"lazy\" src=\"https:\/\/www.youtube.com\/embed\/CIhwGRIBEQ8\" width=\"560\" height=\"315\" frameborder=\"0\"><\/iframe><\/p>\n<p style=\"text-align: justify\">No s&#8217;oblideu de llegir tots els dies una estoneta!! I si teniu temps repasseu les taules de multiplicar fins la del 5 i feu alguna que altra resta portant.<\/p>\n","protected":false},"excerpt":{"rendered":"<p>El proper dilluns dia 28 farem una petita prova de naturals. Per repassar podeu fer servir totes les feines que hem fet al llarg del trimestre i heu portat a casa amb la carpeta verda.<br \/>\nA m\u00e9s de les feines tamb\u00e9 us recomanem que estudieu el&hellip;  <a href=\"https:\/\/agora.xtec.cat\/ceip-joanmiro-barcelona\/primaria\/prova-de-naturals\/\" title=\"Read Naturals!!\">Llegeix m\u00e9s\u00bb<\/a><\/p>\n","protected":false},"author":1,"featured_media":1234,"comment_status":"open","ping_status":"open","sticky":false,"template":"","format":"standard","meta":{"_bbp_topic_count":0,"_bbp_reply_count":0,"_bbp_total_topic_count":0,"_bbp_total_reply_count":0,"_bbp_voice_count":0,"_bbp_anonymous_reply_count":0,"_bbp_topic_count_hidden":0,"_bbp_reply_count_hidden":0,"_bbp_forum_subforum_count":0,"footnotes":""},"categories":[5,12],"tags":[55,99,98],"class_list":["post-1226","post","type-post","status-publish","format-standard","has-post-thumbnail","hentry","category-primaria","category-promocio2020","tag-3r","tag-egipcis-i-egipcies","tag-romans-i-romanes"],"post_mailing_queue_ids":[],"_links":{"self":[{"href":"https:\/\/agora.xtec.cat\/ceip-joanmiro-barcelona\/wp-json\/wp\/v2\/posts\/1226","targetHints":{"allow":["GET"]}}],"collection":[{"href":"https:\/\/agora.xtec.cat\/ceip-joanmiro-barcelona\/wp-json\/wp\/v2\/posts"}],"about":[{"href":"https:\/\/agora.xtec.cat\/ceip-joanmiro-barcelona\/wp-json\/wp\/v2\/types\/post"}],"author":[{"embeddable":true,"href":"https:\/\/agora.xtec.cat\/ceip-joanmiro-barcelona\/wp-json\/wp\/v2\/users\/1"}],"replies":[{"embeddable":true,"href":"https:\/\/agora.xtec.cat\/ceip-joanmiro-barcelona\/wp-json\/wp\/v2\/comments?post=1226"}],"version-history":[{"count":3,"href":"https:\/\/agora.xtec.cat\/ceip-joanmiro-barcelona\/wp-json\/wp\/v2\/posts\/1226\/revisions"}],"predecessor-version":[{"id":1242,"href":"https:\/\/agora.xtec.cat\/ceip-joanmiro-barcelona\/wp-json\/wp\/v2\/posts\/1226\/revisions\/1242"}],"wp:featuredmedia":[{"embeddable":true,"href":"https:\/\/agora.xtec.cat\/ceip-joanmiro-barcelona\/wp-json\/wp\/v2\/media\/1234"}],"wp:attachment":[{"href":"https:\/\/agora.xtec.cat\/ceip-joanmiro-barcelona\/wp-json\/wp\/v2\/media?parent=1226"}],"wp:term":[{"taxonomy":"category","embeddable":true,"href":"https:\/\/agora.xtec.cat\/ceip-joanmiro-barcelona\/wp-json\/wp\/v2\/categories?post=1226"},{"taxonomy":"post_tag","embeddable":true,"href":"https:\/\/agora.xtec.cat\/ceip-joanmiro-barcelona\/wp-json\/wp\/v2\/tags?post=1226"}],"curies":[{"name":"wp","href":"https:\/\/api.w.org\/{rel}","templated":true}]}}