{"id":1211,"date":"2016-11-16T22:35:41","date_gmt":"2016-11-16T21:35:41","guid":{"rendered":"http:\/\/agora.xtec.cat\/ceip-joanmiro-barcelona\/?p=1211"},"modified":"2016-11-22T22:42:30","modified_gmt":"2016-11-22T21:42:30","slug":"dimecres-lector","status":"publish","type":"post","link":"https:\/\/agora.xtec.cat\/ceip-joanmiro-barcelona\/general\/dimecres-lector\/","title":{"rendered":"Dimecres Lector"},"content":{"rendered":"<p><span style=\"font-weight: 400;\">Hola fam\u00edlies,<\/span><\/p>\n<p><span style=\"font-weight: 400;\">El <\/span><b>DIMECRES LECTOR<\/b><span style=\"font-weight: 400;\">, \u00e9s una activitat que pret\u00e9n compartir, apropar, explicar, transmetre,\u2026 all\u00f2 que passa a l\u2019<\/span><b>escola<\/b><span style=\"font-weight: 400;\"> a <\/span><b>casa<\/b><span style=\"font-weight: 400;\">.<img loading=\"lazy\" decoding=\"async\" class=\"wp-image-1214 alignright\" src=\"http:\/\/agora.xtec.cat\/ceip-joanmiro-barcelona\/wp-content\/uploads\/usu741\/2016\/11\/Dimecreslector-2.png\" alt=\"dimecreslector-2\" width=\"288\" height=\"242\" srcset=\"https:\/\/agora.xtec.cat\/ceip-joanmiro-barcelona\/wp-content\/uploads\/usu741\/2016\/11\/Dimecreslector-2.png 940w, https:\/\/agora.xtec.cat\/ceip-joanmiro-barcelona\/wp-content\/uploads\/usu741\/2016\/11\/Dimecreslector-2-300x251.png 300w, https:\/\/agora.xtec.cat\/ceip-joanmiro-barcelona\/wp-content\/uploads\/usu741\/2016\/11\/Dimecreslector-2-768x644.png 768w\" sizes=\"auto, (max-width: 288px) 100vw, 288px\" \/> <\/span><\/p>\n<p style=\"text-align: justify;\"><b>COM?<\/b><span style=\"font-weight: 400;\"> A trav\u00e9s de diferents lectures que podreu llegir conjuntament amb les mares i pares, padrins i padrines, tiets i tietes, germans i germanes, i amb tothom que vosaltres vulgueu. <\/span><\/p>\n<p style=\"text-align: justify;\"><span style=\"font-weight: 400;\">Podeu <\/span><b>compartir la lectura<\/b><span style=\"font-weight: 400;\">: una estona llegeix l\u2019adult i una estona l\u2019infant; o, avui tot l\u2019adult; o,&#8230; Per\u00f2 el m\u00e9s important \u00e9s que <\/span><b>comprenem<\/b><span style=\"font-weight: 400;\"> all\u00f2 que ens transmet la lectura!!! <\/span><\/p>\n<p><b>QUAN?<\/b><span style=\"font-weight: 400;\"> Cada <\/span><b>dimecres <\/b><span style=\"font-weight: 400;\">el portarem a casa i el <\/span><b>dimarts<\/b><span style=\"font-weight: 400;\"> el tornarem a l\u2019escola per rebre una lectura nova. <\/span><\/p>\n<p><b>Cuida <\/b><span style=\"font-weight: 400;\">i <\/span><b>tracta<\/b><span style=\"font-weight: 400;\"> b\u00e9 el llibre! Recorda que el curs vinent els vostres companys i companyes tamb\u00e9 utilitzaran la llibreta de fundes! <\/span><\/p>\n<p><b>Gaudiu<\/b><span style=\"font-weight: 400;\"> molt dels petits plaers que ens aporta la lectura! <\/span><\/p>\n<p><span style=\"font-weight: 400;\">Les mestres i els mestres<\/span><\/p>\n","protected":false},"excerpt":{"rendered":"<p>El DIMECRES LECTOR, \u00e9s una activitat que pret\u00e9n compartir, apropar, explicar, transmetre,\u2026 all\u00f2 que passa a l\u2019escola a casa.&hellip;  <a href=\"https:\/\/agora.xtec.cat\/ceip-joanmiro-barcelona\/general\/dimecres-lector\/\" title=\"Read Dimecres Lector\">Llegeix m\u00e9s\u00bb<\/a><\/p>\n","protected":false},"author":6,"featured_media":1212,"comment_status":"open","ping_status":"open","sticky":false,"template":"","format":"standard","meta":{"_bbp_topic_count":0,"_bbp_reply_count":0,"_bbp_total_topic_count":0,"_bbp_total_reply_count":0,"_bbp_voice_count":0,"_bbp_anonymous_reply_count":0,"_bbp_topic_count_hidden":0,"_bbp_reply_count_hidden":0,"_bbp_forum_subforum_count":0,"footnotes":""},"categories":[1,5,11],"tags":[82,56,81],"class_list":["post-1211","post","type-post","status-publish","format-standard","has-post-thumbnail","hentry","category-general","category-primaria","category-promocio2021","tag-fons-mari","tag-pol-nord","tag-sabana"],"post_mailing_queue_ids":[],"_links":{"self":[{"href":"https:\/\/agora.xtec.cat\/ceip-joanmiro-barcelona\/wp-json\/wp\/v2\/posts\/1211","targetHints":{"allow":["GET"]}}],"collection":[{"href":"https:\/\/agora.xtec.cat\/ceip-joanmiro-barcelona\/wp-json\/wp\/v2\/posts"}],"about":[{"href":"https:\/\/agora.xtec.cat\/ceip-joanmiro-barcelona\/wp-json\/wp\/v2\/types\/post"}],"author":[{"embeddable":true,"href":"https:\/\/agora.xtec.cat\/ceip-joanmiro-barcelona\/wp-json\/wp\/v2\/users\/6"}],"replies":[{"embeddable":true,"href":"https:\/\/agora.xtec.cat\/ceip-joanmiro-barcelona\/wp-json\/wp\/v2\/comments?post=1211"}],"version-history":[{"count":2,"href":"https:\/\/agora.xtec.cat\/ceip-joanmiro-barcelona\/wp-json\/wp\/v2\/posts\/1211\/revisions"}],"predecessor-version":[{"id":1215,"href":"https:\/\/agora.xtec.cat\/ceip-joanmiro-barcelona\/wp-json\/wp\/v2\/posts\/1211\/revisions\/1215"}],"wp:featuredmedia":[{"embeddable":true,"href":"https:\/\/agora.xtec.cat\/ceip-joanmiro-barcelona\/wp-json\/wp\/v2\/media\/1212"}],"wp:attachment":[{"href":"https:\/\/agora.xtec.cat\/ceip-joanmiro-barcelona\/wp-json\/wp\/v2\/media?parent=1211"}],"wp:term":[{"taxonomy":"category","embeddable":true,"href":"https:\/\/agora.xtec.cat\/ceip-joanmiro-barcelona\/wp-json\/wp\/v2\/categories?post=1211"},{"taxonomy":"post_tag","embeddable":true,"href":"https:\/\/agora.xtec.cat\/ceip-joanmiro-barcelona\/wp-json\/wp\/v2\/tags?post=1211"}],"curies":[{"name":"wp","href":"https:\/\/api.w.org\/{rel}","templated":true}]}}