{"id":11979,"date":"2024-06-03T16:30:18","date_gmt":"2024-06-03T14:30:18","guid":{"rendered":"https:\/\/agora.xtec.cat\/ceip-joanmiro-barcelona\/?p=11979"},"modified":"2024-06-03T16:30:18","modified_gmt":"2024-06-03T14:30:18","slug":"viu-la-vela-a-6e","status":"publish","type":"post","link":"https:\/\/agora.xtec.cat\/ceip-joanmiro-barcelona\/general\/viu-la-vela-a-6e\/","title":{"rendered":"Viu la vela a 6\u00e8!"},"content":{"rendered":"<p><span style=\"font-weight: 400;\">El dimarts 12 de mar\u00e7 un noi que es diu Ricard que va quedar 6\u00e8 al m\u00f3n i ha guanyat bastants premis d&#8217;Espanya, va vindre a l&#8217;escola per explicar-nos una mica sobre la vela.<\/span><\/p>\n<p><span style=\"font-weight: 400;\">Ens va parlar sobre les parts del vaixell, dels tipus de velers, de la Copa Am\u00e8rica i de\u00a0 la contaminaci\u00f3. Tamb\u00e9 ens va parlar de les olimp\u00edades, que es celebraran a Barcelona i que ell est\u00e0 competint amb els seus companys per ser el representant d&#8217;aquest pa\u00eds.<\/span><\/p>\n<p><span style=\"font-weight: 400;\">El que ens va explicar ens va semblar molt interessant perqu\u00e8 hi havien molts tipus de velers que no coneix\u00edem.\u00a0<\/span><\/p>\n<p><span style=\"font-weight: 400;\">Despr\u00e9s ens va parlar dels pa\u00efsos que participaran a la copa Am\u00e8rica a Barcelona al novembre del 2024.<\/span><\/p>\n<p><span style=\"font-weight: 400;\">Ens va vindre a parlar d&#8217;aix\u00f2 perqu\u00e8 al 31 d\u2019abril anirem a fer una activitat de vela amb tot el curs.\u00a0<\/span><\/p>\n<p><em><span style=\"font-weight: 400;\">\u00c0nims Ricard!<\/span><\/em><\/p>\n<p>&nbsp;<\/p>\n<p><span style=\"font-weight: 400;\">El divendres 31 d\u2019abril les classes de Hawaii i Madagascar hem anat al Club N\u00e0utic de Barcelona a fer l\u2019activitat de vela.\u00a0<\/span><\/p>\n<p><span style=\"font-weight: 400;\">Vam sortir de l\u2019escola en dos torns, perqu\u00e8 primer va fer l\u2019activitat Hawaii i despr\u00e9s Madagascar. Vam agafar la l\u00ednia verda a pla\u00e7a Espanya i vam baixar a la parada de Drassanes. Despr\u00e9s vam caminar uns 10 min fins a arribar al Club N\u00e0utic.<\/span><\/p>\n<p><span style=\"font-weight: 400;\">El noi que es deia Jacob ens va explicar les normes b\u00e0siques per poder fer l\u2019activitat, i ens va acompanyar on eren els velers.\u00a0<\/span><\/p>\n<p><span style=\"font-weight: 400;\">L\u2019activitat de vela va ser molt divertida perqu\u00e8 el vaixell es movia molt, tamb\u00e9 vam poder agafar el tim\u00f3 i portar-lo. Ens va agradar molt, i tant de bo poder-ho tornar a repetir algun dia.\u00a0<\/span><\/p>\n<p><em><b>Carla Llambrich, Mart\u00ed Vernuccio, Guillem Rufes i Xingcheng Liu<\/b><\/em><\/p>\n","protected":false},"excerpt":{"rendered":"<p>El dimarts 12 de mar\u00e7 un noi que es diu Ricard que va quedar 6\u00e8 al m\u00f3n i ha guanyat bastants premis d&#8217;Espanya, va vindre a l&#8217;escola per explicar-nos una mica sobre la vela.<br \/>\nEns va parlar sobre les parts del vaixell, dels tipus de velers,&hellip;  <a href=\"https:\/\/agora.xtec.cat\/ceip-joanmiro-barcelona\/general\/viu-la-vela-a-6e\/\" title=\"Read Viu la vela a 6\u00e8!\">Llegeix m\u00e9s\u00bb<\/a><\/p>\n","protected":false},"author":116,"featured_media":11980,"comment_status":"open","ping_status":"closed","sticky":false,"template":"","format":"standard","meta":{"_bbp_topic_count":0,"_bbp_reply_count":0,"_bbp_total_topic_count":0,"_bbp_total_reply_count":0,"_bbp_voice_count":0,"_bbp_anonymous_reply_count":0,"_bbp_topic_count_hidden":0,"_bbp_reply_count_hidden":0,"_bbp_forum_subforum_count":0,"footnotes":""},"categories":[1,4,8],"tags":[39,237,236],"class_list":["post-11979","post","type-post","status-publish","format-standard","has-post-thumbnail","hentry","category-general","category-portada","category-promocio2024","tag-6e","tag-hawaii","tag-madagascar"],"post_mailing_queue_ids":[],"_links":{"self":[{"href":"https:\/\/agora.xtec.cat\/ceip-joanmiro-barcelona\/wp-json\/wp\/v2\/posts\/11979","targetHints":{"allow":["GET"]}}],"collection":[{"href":"https:\/\/agora.xtec.cat\/ceip-joanmiro-barcelona\/wp-json\/wp\/v2\/posts"}],"about":[{"href":"https:\/\/agora.xtec.cat\/ceip-joanmiro-barcelona\/wp-json\/wp\/v2\/types\/post"}],"author":[{"embeddable":true,"href":"https:\/\/agora.xtec.cat\/ceip-joanmiro-barcelona\/wp-json\/wp\/v2\/users\/116"}],"replies":[{"embeddable":true,"href":"https:\/\/agora.xtec.cat\/ceip-joanmiro-barcelona\/wp-json\/wp\/v2\/comments?post=11979"}],"version-history":[{"count":2,"href":"https:\/\/agora.xtec.cat\/ceip-joanmiro-barcelona\/wp-json\/wp\/v2\/posts\/11979\/revisions"}],"predecessor-version":[{"id":11982,"href":"https:\/\/agora.xtec.cat\/ceip-joanmiro-barcelona\/wp-json\/wp\/v2\/posts\/11979\/revisions\/11982"}],"wp:featuredmedia":[{"embeddable":true,"href":"https:\/\/agora.xtec.cat\/ceip-joanmiro-barcelona\/wp-json\/wp\/v2\/media\/11980"}],"wp:attachment":[{"href":"https:\/\/agora.xtec.cat\/ceip-joanmiro-barcelona\/wp-json\/wp\/v2\/media?parent=11979"}],"wp:term":[{"taxonomy":"category","embeddable":true,"href":"https:\/\/agora.xtec.cat\/ceip-joanmiro-barcelona\/wp-json\/wp\/v2\/categories?post=11979"},{"taxonomy":"post_tag","embeddable":true,"href":"https:\/\/agora.xtec.cat\/ceip-joanmiro-barcelona\/wp-json\/wp\/v2\/tags?post=11979"}],"curies":[{"name":"wp","href":"https:\/\/api.w.org\/{rel}","templated":true}]}}