{"id":11770,"date":"2024-04-09T23:10:18","date_gmt":"2024-04-09T21:10:18","guid":{"rendered":"https:\/\/agora.xtec.cat\/ceip-joanmiro-barcelona\/?p=11770"},"modified":"2024-04-09T23:10:18","modified_gmt":"2024-04-09T21:10:18","slug":"els-infants-de-primer-hem-anat-a-la-fundacio-cram","status":"publish","type":"post","link":"https:\/\/agora.xtec.cat\/ceip-joanmiro-barcelona\/general\/els-infants-de-primer-hem-anat-a-la-fundacio-cram\/","title":{"rendered":"Els infants de primer hem anat a la fundaci\u00f3 CRAM"},"content":{"rendered":"<p align=\"left\"><span style=\"font-family: Arial, sans-serif;\"><span style=\"font-size: small;\"><span style=\"color: #13292a;\">El passat divendres 5 d&#8217;abril l<\/span><span style=\"color: #13292a;\">es classes de\u00a0<\/span><span style=\"color: #13292a;\">F<\/span><span style=\"color: #13292a;\">arigola i\u00a0<\/span><span style=\"color: #13292a;\">J<\/span><span style=\"color: #13292a;\">ulivert\u00a0<\/span><span style=\"color: #13292a;\">hem anat<\/span><span style=\"color: #13292a;\">\u00a0a la fundaci\u00f3\u00a0<\/span><span style=\"color: #13292a;\">CRAM, C<\/span><span style=\"color: #13292a;\">entre de\u00a0<\/span><span style=\"color: #13292a;\">R<\/span><span style=\"color: #13292a;\">ecuperaci\u00f3 d\u2019<\/span><span style=\"color: #13292a;\">A<\/span><span style=\"color: #13292a;\">nimals\u00a0<\/span><span style=\"color: #13292a;\">M<\/span><span style=\"color: #13292a;\">arins, que es troba al\u00a0<\/span><span style=\"color: #13292a;\">P<\/span><span style=\"color: #13292a;\">rat de\u00a0<\/span><span style=\"color: #13292a;\">L<\/span><span style=\"color: #13292a;\">lobregat.<\/span><\/span><\/span><\/p>\n<p align=\"left\"><span style=\"font-family: Arial, sans-serif;\"><span style=\"font-size: small;\"><span style=\"color: #13292a;\">La fundaci\u00f3 es dedica a la protecci\u00f3 del medi mar\u00ed i a les esp\u00e8cies que l\u2019habiten. <\/span><span style=\"color: #13292a;\">E<\/span><span style=\"color: #13292a;\">l\u00a0<\/span><span style=\"color: #13292a;\">CRAM<\/span><span style=\"color: #13292a;\">\u00a0disposa d\u2019un centre de recuperaci\u00f3 i un equip hum\u00e0 preparat per\u00a0<\/span><span style=\"color: #13292a;\">a<\/span><span style=\"color: #13292a;\">\u00a0l\u2019assist\u00e8ncia de les esp\u00e8cies marines.<\/span><\/span><\/span><\/p>\n<p align=\"left\"><span style=\"font-family: Arial, sans-serif;\"><span style=\"font-size: small;\"><span style=\"color: #13292a;\">E<\/span><span style=\"color: #13292a;\">ns van explicar moltes coses dels taurons i les tortugues, vam veure ous, aprendre caracter\u00edstiques, observar les tortugues a les piscines i escoltar les seves hist\u00f2ries de vida.<\/span><\/span><\/span><\/p>\n<p align=\"left\"><span style=\"font-family: Arial, sans-serif;\"><span style=\"font-size: small;\"><span style=\"color: #13292a;\">T<\/span><span style=\"color: #13292a;\">amb\u00e9 vam veure un v\u00eddeo, vam fer jocs sobre tortugues i vam aprendre a fer un rescat i curar-les.<\/span><\/span><\/span><\/p>\n<div dir=\"ltr\">\n<p align=\"left\"><span style=\"font-family: Arial, sans-serif;\"><span style=\"font-size: small;\"><span style=\"color: #13292a;\">V<\/span><span style=\"color: #13292a;\">a ser molt divertit i interessant.\u00a0<\/span><span style=\"color: #13292a;\">G<\/span><span style=\"color: #13292a;\">r\u00e0cies al\u00a0<\/span><span style=\"color: #13292a;\">CRAM<\/span><span style=\"color: #13292a;\">, hem apr\u00e8s a estimar una mica m\u00e9s el medi mar\u00ed i a prendre\u00a0<\/span><\/span><\/span><span style=\"font-family: Arial, sans-serif;\"><span style=\"font-size: small;\"><span style=\"color: #13292a;\">consci\u00e8ncia de la import\u00e0ncia del seu respecte i conservaci\u00f3.<\/span><\/span><\/span><\/p>\n<\/div>\n<p align=\"left\"><a href=\"https:\/\/agora.xtec.cat\/ceip-joanmiro-barcelona\/wp-content\/uploads\/usu741\/2024\/04\/5-Mediano.jpg\"><img loading=\"lazy\" decoding=\"async\" class=\" wp-image-11772 alignleft\" src=\"https:\/\/agora.xtec.cat\/ceip-joanmiro-barcelona\/wp-content\/uploads\/usu741\/2024\/04\/5-Mediano.jpg\" alt=\"\" width=\"844\" height=\"635\" srcset=\"https:\/\/agora.xtec.cat\/ceip-joanmiro-barcelona\/wp-content\/uploads\/usu741\/2024\/04\/5-Mediano.jpg 1020w, https:\/\/agora.xtec.cat\/ceip-joanmiro-barcelona\/wp-content\/uploads\/usu741\/2024\/04\/5-Mediano-300x226.jpg 300w, https:\/\/agora.xtec.cat\/ceip-joanmiro-barcelona\/wp-content\/uploads\/usu741\/2024\/04\/5-Mediano-768x578.jpg 768w, https:\/\/agora.xtec.cat\/ceip-joanmiro-barcelona\/wp-content\/uploads\/usu741\/2024\/04\/5-Mediano-200x150.jpg 200w\" sizes=\"auto, (max-width: 844px) 100vw, 844px\" \/><\/a><\/p>\n<p align=\"left\"><span style=\"font-family: Arial, sans-serif;\"><span style=\"font-size: small;\"><span style=\"color: #13292a;\"><a href=\"https:\/\/agora.xtec.cat\/ceip-joanmiro-barcelona\/wp-content\/uploads\/usu741\/2024\/04\/PXL_20240405_1022296692-1.jpg\"><img loading=\"lazy\" decoding=\"async\" class=\"alignnone wp-image-11771\" src=\"https:\/\/agora.xtec.cat\/ceip-joanmiro-barcelona\/wp-content\/uploads\/usu741\/2024\/04\/PXL_20240405_1022296692-1-1024x925.jpg\" alt=\"\" width=\"837\" height=\"756\" srcset=\"https:\/\/agora.xtec.cat\/ceip-joanmiro-barcelona\/wp-content\/uploads\/usu741\/2024\/04\/PXL_20240405_1022296692-1-1024x925.jpg 1024w, https:\/\/agora.xtec.cat\/ceip-joanmiro-barcelona\/wp-content\/uploads\/usu741\/2024\/04\/PXL_20240405_1022296692-1-300x271.jpg 300w, https:\/\/agora.xtec.cat\/ceip-joanmiro-barcelona\/wp-content\/uploads\/usu741\/2024\/04\/PXL_20240405_1022296692-1-768x693.jpg 768w, https:\/\/agora.xtec.cat\/ceip-joanmiro-barcelona\/wp-content\/uploads\/usu741\/2024\/04\/PXL_20240405_1022296692-1-1536x1387.jpg 1536w, https:\/\/agora.xtec.cat\/ceip-joanmiro-barcelona\/wp-content\/uploads\/usu741\/2024\/04\/PXL_20240405_1022296692-1-2048x1849.jpg 2048w\" sizes=\"auto, (max-width: 837px) 100vw, 837px\" \/><\/a><\/span><\/span><\/span><\/p>\n<p align=\"left\"><a href=\"https:\/\/agora.xtec.cat\/ceip-joanmiro-barcelona\/wp-content\/uploads\/usu741\/2024\/04\/6-Mediano.jpg\"><img loading=\"lazy\" decoding=\"async\" class=\"alignnone wp-image-11775\" src=\"https:\/\/agora.xtec.cat\/ceip-joanmiro-barcelona\/wp-content\/uploads\/usu741\/2024\/04\/6-Mediano.jpg\" alt=\"\" width=\"839\" height=\"632\" srcset=\"https:\/\/agora.xtec.cat\/ceip-joanmiro-barcelona\/wp-content\/uploads\/usu741\/2024\/04\/6-Mediano.jpg 1020w, https:\/\/agora.xtec.cat\/ceip-joanmiro-barcelona\/wp-content\/uploads\/usu741\/2024\/04\/6-Mediano-300x226.jpg 300w, https:\/\/agora.xtec.cat\/ceip-joanmiro-barcelona\/wp-content\/uploads\/usu741\/2024\/04\/6-Mediano-768x578.jpg 768w, https:\/\/agora.xtec.cat\/ceip-joanmiro-barcelona\/wp-content\/uploads\/usu741\/2024\/04\/6-Mediano-200x150.jpg 200w\" sizes=\"auto, (max-width: 839px) 100vw, 839px\" \/><\/a><\/p>\n<p align=\"left\"><a href=\"https:\/\/agora.xtec.cat\/ceip-joanmiro-barcelona\/wp-content\/uploads\/usu741\/2024\/04\/Foto-2-Mediano.jpg\"><img loading=\"lazy\" decoding=\"async\" class=\"alignnone wp-image-11773\" src=\"https:\/\/agora.xtec.cat\/ceip-joanmiro-barcelona\/wp-content\/uploads\/usu741\/2024\/04\/Foto-2-Mediano.jpg\" alt=\"\" width=\"834\" height=\"628\" srcset=\"https:\/\/agora.xtec.cat\/ceip-joanmiro-barcelona\/wp-content\/uploads\/usu741\/2024\/04\/Foto-2-Mediano.jpg 1020w, https:\/\/agora.xtec.cat\/ceip-joanmiro-barcelona\/wp-content\/uploads\/usu741\/2024\/04\/Foto-2-Mediano-300x226.jpg 300w, https:\/\/agora.xtec.cat\/ceip-joanmiro-barcelona\/wp-content\/uploads\/usu741\/2024\/04\/Foto-2-Mediano-768x578.jpg 768w, https:\/\/agora.xtec.cat\/ceip-joanmiro-barcelona\/wp-content\/uploads\/usu741\/2024\/04\/Foto-2-Mediano-200x150.jpg 200w\" sizes=\"auto, (max-width: 834px) 100vw, 834px\" \/><\/a><\/p>\n<p align=\"left\"><a href=\"https:\/\/agora.xtec.cat\/ceip-joanmiro-barcelona\/wp-content\/uploads\/usu741\/2024\/04\/4-Mediano.jpg\"><img loading=\"lazy\" decoding=\"async\" class=\"wp-image-11777 alignleft\" src=\"https:\/\/agora.xtec.cat\/ceip-joanmiro-barcelona\/wp-content\/uploads\/usu741\/2024\/04\/4-Mediano.jpg\" alt=\"\" width=\"822\" height=\"719\" srcset=\"https:\/\/agora.xtec.cat\/ceip-joanmiro-barcelona\/wp-content\/uploads\/usu741\/2024\/04\/4-Mediano.jpg 878w, https:\/\/agora.xtec.cat\/ceip-joanmiro-barcelona\/wp-content\/uploads\/usu741\/2024\/04\/4-Mediano-300x262.jpg 300w, https:\/\/agora.xtec.cat\/ceip-joanmiro-barcelona\/wp-content\/uploads\/usu741\/2024\/04\/4-Mediano-768x672.jpg 768w\" sizes=\"auto, (max-width: 822px) 100vw, 822px\" \/><\/a><\/p>\n<p align=\"left\"><a href=\"https:\/\/agora.xtec.cat\/ceip-joanmiro-barcelona\/wp-content\/uploads\/usu741\/2024\/04\/3-Mediano.jpg\"><img loading=\"lazy\" decoding=\"async\" class=\"wp-image-11774 alignleft\" src=\"https:\/\/agora.xtec.cat\/ceip-joanmiro-barcelona\/wp-content\/uploads\/usu741\/2024\/04\/3-Mediano.jpg\" alt=\"\" width=\"820\" height=\"617\" srcset=\"https:\/\/agora.xtec.cat\/ceip-joanmiro-barcelona\/wp-content\/uploads\/usu741\/2024\/04\/3-Mediano.jpg 1020w, https:\/\/agora.xtec.cat\/ceip-joanmiro-barcelona\/wp-content\/uploads\/usu741\/2024\/04\/3-Mediano-300x226.jpg 300w, https:\/\/agora.xtec.cat\/ceip-joanmiro-barcelona\/wp-content\/uploads\/usu741\/2024\/04\/3-Mediano-768x578.jpg 768w, https:\/\/agora.xtec.cat\/ceip-joanmiro-barcelona\/wp-content\/uploads\/usu741\/2024\/04\/3-Mediano-200x150.jpg 200w\" sizes=\"auto, (max-width: 820px) 100vw, 820px\" \/><\/a><\/p>\n","protected":false},"excerpt":{"rendered":"<p>El passat divendres 5 d&#8217;abril les classes de\u00a0Farigola i\u00a0Julivert\u00a0hem anat\u00a0a la fundaci\u00f3\u00a0CRAM, Centre de\u00a0Recuperaci\u00f3 d\u2019Animals\u00a0Marins, que es troba al\u00a0Prat de\u00a0Llobregat.<br \/>\nLa fundaci\u00f3 es dedica a la protecci\u00f3 del medi mar\u00ed i a les esp\u00e8cies que l\u2019habiten. El\u00a0CRAM\u00a0disposa d\u2019un centre de recuperaci\u00f3 i un equip hum\u00e0 preparat&hellip;  <a href=\"https:\/\/agora.xtec.cat\/ceip-joanmiro-barcelona\/general\/els-infants-de-primer-hem-anat-a-la-fundacio-cram\/\" title=\"Read Els infants de primer hem anat a la fundaci\u00f3 CRAM\">Llegeix m\u00e9s\u00bb<\/a><\/p>\n","protected":false},"author":126,"featured_media":11772,"comment_status":"open","ping_status":"closed","sticky":false,"template":"","format":"standard","meta":{"_bbp_topic_count":0,"_bbp_reply_count":0,"_bbp_total_topic_count":0,"_bbp_total_reply_count":0,"_bbp_voice_count":0,"_bbp_anonymous_reply_count":0,"_bbp_topic_count_hidden":0,"_bbp_reply_count_hidden":0,"_bbp_forum_subforum_count":0,"footnotes":""},"categories":[229,1,4,5],"tags":[292,291],"class_list":["post-11770","post","type-post","status-publish","format-standard","has-post-thumbnail","hentry","category-tercer","category-general","category-portada","category-primaria","tag-farigola","tag-julivert"],"post_mailing_queue_ids":[],"_links":{"self":[{"href":"https:\/\/agora.xtec.cat\/ceip-joanmiro-barcelona\/wp-json\/wp\/v2\/posts\/11770","targetHints":{"allow":["GET"]}}],"collection":[{"href":"https:\/\/agora.xtec.cat\/ceip-joanmiro-barcelona\/wp-json\/wp\/v2\/posts"}],"about":[{"href":"https:\/\/agora.xtec.cat\/ceip-joanmiro-barcelona\/wp-json\/wp\/v2\/types\/post"}],"author":[{"embeddable":true,"href":"https:\/\/agora.xtec.cat\/ceip-joanmiro-barcelona\/wp-json\/wp\/v2\/users\/126"}],"replies":[{"embeddable":true,"href":"https:\/\/agora.xtec.cat\/ceip-joanmiro-barcelona\/wp-json\/wp\/v2\/comments?post=11770"}],"version-history":[{"count":6,"href":"https:\/\/agora.xtec.cat\/ceip-joanmiro-barcelona\/wp-json\/wp\/v2\/posts\/11770\/revisions"}],"predecessor-version":[{"id":11792,"href":"https:\/\/agora.xtec.cat\/ceip-joanmiro-barcelona\/wp-json\/wp\/v2\/posts\/11770\/revisions\/11792"}],"wp:featuredmedia":[{"embeddable":true,"href":"https:\/\/agora.xtec.cat\/ceip-joanmiro-barcelona\/wp-json\/wp\/v2\/media\/11772"}],"wp:attachment":[{"href":"https:\/\/agora.xtec.cat\/ceip-joanmiro-barcelona\/wp-json\/wp\/v2\/media?parent=11770"}],"wp:term":[{"taxonomy":"category","embeddable":true,"href":"https:\/\/agora.xtec.cat\/ceip-joanmiro-barcelona\/wp-json\/wp\/v2\/categories?post=11770"},{"taxonomy":"post_tag","embeddable":true,"href":"https:\/\/agora.xtec.cat\/ceip-joanmiro-barcelona\/wp-json\/wp\/v2\/tags?post=11770"}],"curies":[{"name":"wp","href":"https:\/\/api.w.org\/{rel}","templated":true}]}}