{"id":11649,"date":"2024-03-21T08:54:00","date_gmt":"2024-03-21T07:54:00","guid":{"rendered":"https:\/\/agora.xtec.cat\/ceip-joanmiro-barcelona\/?p=11649"},"modified":"2024-03-21T08:54:00","modified_gmt":"2024-03-21T07:54:00","slug":"sise-visita-els-instituts-ernest-lluch-i-viladomat","status":"publish","type":"post","link":"https:\/\/agora.xtec.cat\/ceip-joanmiro-barcelona\/general\/sise-visita-els-instituts-ernest-lluch-i-viladomat\/","title":{"rendered":"Sis\u00e8 visita els instituts Ernest Lluch i Viladomat"},"content":{"rendered":"<p>Els alumnes de sis\u00e8 Hawaii i Madagascar hem anat a veure els instituts. <span style=\"font-weight: 400;\">Per\u00f2 abans d&#8217;anar-hi, vam pensar a l&#8217;aula unes quantes preguntes per fer els dies de les visites.<\/span><\/p>\n<p><span style=\"font-weight: 400;\">El <strong>dimecres dia 31 de gener<\/strong>, els nens i nenes de 6\u00e8 vam anar a l&#8217;institut <strong>Ernest Lluch<\/strong>.<\/span><\/p>\n<p><span style=\"font-weight: 400;\">Com est\u00e0 aqu\u00ed al costat vam anar caminant. La visita va comen\u00e7ar a les nou i quart i quan vam entrar a l&#8217;institut, directament vam anar a la sala d&#8217;actes.<\/span><\/p>\n<p><span style=\"font-weight: 400;\">El director i alguns\/es exalumnes de l&#8217;escola Joan Mir\u00f3 van respondre les preguntes que ten\u00edem. Vam estar una hora a la sala d&#8217;actes. Unes de les preguntes va ser que si hi havia canvis de la prim\u00e0ria a l\u2019ESO. Van dir que s\u00ed, per\u00f2 que ser\u00e0 f\u00e0cil acostumar-nos, si tenim una bona organitzaci\u00f3.\u00a0<\/span><\/p>\n<p><span style=\"font-weight: 400;\">I vam veure diferents classes, ens van ensenyar com treballen i amb qu\u00e8 treballen, ens van ensenyar quins costums tenien, com per exemple, la festa del Carnaval que van tots i totes al parc Joan Mir\u00f3 a fer balls, o un concurs sobre dibuixar una portada d\u2019un llibre.\u00a0<\/span><\/p>\n<p><span style=\"font-weight: 400;\">Despr\u00e9s vam pujar les escales per anar a la a l&#8217;aula de ci\u00e8ncia, on estaven fent una observaci\u00f3 sobre els minerals. Vam veure m\u00e9s aules com la classe A de primer d\u2019ESO, la biblioteca i la classe de tecnologia i ens explicaven que estaven fent i que estudiaven.<\/span><\/p>\n<p><span style=\"font-weight: 400;\">Una proposta de millora d&#8217;aquest institut, seria que les pissarres fossin t\u00e0ctils com les de l\u2019escola i no de guix.<\/span><\/p>\n<p><span style=\"font-weight: 400;\">El <strong>dimarts 20 de febrer<\/strong> els alumnes de 6\u00e8 vam anar a visitar l\u2019institut <strong>Viladomat<\/strong> per poder saber com \u00e9s i decidir si volem que sigui el nostre futur institut.\u00a0<\/span><\/p>\n<p><span style=\"font-weight: 400;\">Vam sortir des de l\u2019escola i vam anar caminant fins al Viladomat. La Visita va durar 1h. En aquest temps ens van portar a la sala d\u2019actes, on ens van explicar com es treballa a l\u2019institut. Despr\u00e9s ens van fer una visita guiada i vam veure algunes aules i la cuina. Durant la visita ens van resoldre els dubtes que ten\u00edem. Unes de les preguntes que ens van respondre s\u00f3n: Feu l&#8217;ensenyan\u00e7a tradicional o no? Sou una escola religiosa? I moltes preguntes m\u00e9s\u2026 El que canviar\u00edem\u00a0 seria que ens expliquin menys coses a la sala d\u2019actes i que visitem m\u00e9s classes.<\/span><\/p>\n<p><span style=\"font-weight: 400;\">Per\u00f2 en general ens va agradar.<\/span><\/p>\n<p>Anna, Mat\u00edas, Guillem, Tomas, Enxi, Pau, Carlos, Vega i Max<\/p>\n<p>&nbsp;<\/p>\n<p>&nbsp;<\/p>\n<p>&nbsp;<\/p>\n","protected":false},"excerpt":{"rendered":"<p>Els alumnes de sis\u00e8 Hawaii i Madagascar hem anat a veure els instituts. Per\u00f2 abans d&#8217;anar-hi, vam pensar a l&#8217;aula unes quantes preguntes per fer els dies de les visites.<br \/>\nEl dimecres dia 31 de gener, els nens i nenes de 6\u00e8 vam anar a l&#8217;institut&hellip;  <a href=\"https:\/\/agora.xtec.cat\/ceip-joanmiro-barcelona\/general\/sise-visita-els-instituts-ernest-lluch-i-viladomat\/\" title=\"Read Sis\u00e8 visita els instituts Ernest Lluch i Viladomat\">Llegeix m\u00e9s\u00bb<\/a><\/p>\n","protected":false},"author":116,"featured_media":11651,"comment_status":"open","ping_status":"closed","sticky":false,"template":"","format":"standard","meta":{"_bbp_topic_count":0,"_bbp_reply_count":0,"_bbp_total_topic_count":0,"_bbp_total_reply_count":0,"_bbp_voice_count":0,"_bbp_anonymous_reply_count":0,"_bbp_topic_count_hidden":0,"_bbp_reply_count_hidden":0,"_bbp_forum_subforum_count":0,"footnotes":""},"categories":[1,4,5,8],"tags":[39,299,237,297,236,298],"class_list":["post-11649","post","type-post","status-publish","format-standard","has-post-thumbnail","hentry","category-general","category-portada","category-primaria","category-promocio2024","tag-6e","tag-ernest-lluch","tag-hawaii","tag-instituts","tag-madagascar","tag-viladomat"],"post_mailing_queue_ids":[],"_links":{"self":[{"href":"https:\/\/agora.xtec.cat\/ceip-joanmiro-barcelona\/wp-json\/wp\/v2\/posts\/11649","targetHints":{"allow":["GET"]}}],"collection":[{"href":"https:\/\/agora.xtec.cat\/ceip-joanmiro-barcelona\/wp-json\/wp\/v2\/posts"}],"about":[{"href":"https:\/\/agora.xtec.cat\/ceip-joanmiro-barcelona\/wp-json\/wp\/v2\/types\/post"}],"author":[{"embeddable":true,"href":"https:\/\/agora.xtec.cat\/ceip-joanmiro-barcelona\/wp-json\/wp\/v2\/users\/116"}],"replies":[{"embeddable":true,"href":"https:\/\/agora.xtec.cat\/ceip-joanmiro-barcelona\/wp-json\/wp\/v2\/comments?post=11649"}],"version-history":[{"count":2,"href":"https:\/\/agora.xtec.cat\/ceip-joanmiro-barcelona\/wp-json\/wp\/v2\/posts\/11649\/revisions"}],"predecessor-version":[{"id":11725,"href":"https:\/\/agora.xtec.cat\/ceip-joanmiro-barcelona\/wp-json\/wp\/v2\/posts\/11649\/revisions\/11725"}],"wp:featuredmedia":[{"embeddable":true,"href":"https:\/\/agora.xtec.cat\/ceip-joanmiro-barcelona\/wp-json\/wp\/v2\/media\/11651"}],"wp:attachment":[{"href":"https:\/\/agora.xtec.cat\/ceip-joanmiro-barcelona\/wp-json\/wp\/v2\/media?parent=11649"}],"wp:term":[{"taxonomy":"category","embeddable":true,"href":"https:\/\/agora.xtec.cat\/ceip-joanmiro-barcelona\/wp-json\/wp\/v2\/categories?post=11649"},{"taxonomy":"post_tag","embeddable":true,"href":"https:\/\/agora.xtec.cat\/ceip-joanmiro-barcelona\/wp-json\/wp\/v2\/tags?post=11649"}],"curies":[{"name":"wp","href":"https:\/\/api.w.org\/{rel}","templated":true}]}}