{"id":11513,"date":"2024-01-26T09:48:35","date_gmt":"2024-01-26T08:48:35","guid":{"rendered":"https:\/\/agora.xtec.cat\/ceip-joanmiro-barcelona\/?p=11513"},"modified":"2024-01-26T09:48:35","modified_gmt":"2024-01-26T08:48:35","slug":"sise-coneix-la-historia-del-parlament-de-catalunya","status":"publish","type":"post","link":"https:\/\/agora.xtec.cat\/ceip-joanmiro-barcelona\/general\/sise-coneix-la-historia-del-parlament-de-catalunya\/","title":{"rendered":"Sis\u00e8 coneix la hist\u00f2ria del Parlament de Catalunya"},"content":{"rendered":"<p><span style=\"font-weight: 400;\">El 14 i el 15 de desembre del 2023, els nens i nenes\u00a0 de 6\u00e8 de l\u2019escola Joan Mir\u00f3 de Barcelona vam anar al Parlament. <\/span><\/p>\n<p><span style=\"font-weight: 400;\">Primer vam sortir de l\u2019escola, vam anar\u00a0 a la l\u00ednia\u00a0 vermella i vam anar fins a la parada Arc de Triomf. Despr\u00e9s vam caminar pel parc de la Ciutadella fins al Parlament. <\/span><\/p>\n<p><span style=\"font-weight: 400;\">All\u00e0 ens va rebre una persona que ens va donar una acreditaci\u00f3 de diputat\/da o portaveu. Vam anar per les escales vermelles i vam caminar fins a la porta de l\u2019hemicicle (un grup no va entrar i l\u2019altre s\u00ed, i despr\u00e9s a l&#8217;inrev\u00e9s) i all\u00e0 ens van explicar la hist\u00f2ria del Parlament de Catalunya i moltes coses m\u00e9s. <\/span><\/p>\n<p><span style=\"font-weight: 400;\">Despr\u00e9s vam fer una sessi\u00f3 d\u2019investidura. Eren 4 grups parlamentaris, blau, vermell, groc i verd, ens vam ajuntar el grup blau i verd i en acabat vam votar. <\/span><span style=\"font-weight: 400;\">Van sortir la Mar i\u00a0 el Quim presidents\u00a0 amb 13 vots a favor i 12. <\/span><\/p>\n<p><span style=\"font-weight: 400;\">Ens va agradar molt i ens ho vam passar molt b\u00e9.<\/span><\/p>\n<p><em>Leslie, Hugo, Paolo, Blai i Luc\u00eda<\/em><\/p>\n<p><a href=\"https:\/\/agora.xtec.cat\/ceip-joanmiro-barcelona\/wp-content\/uploads\/usu741\/2024\/01\/IMG_1109.jpeg\"><img loading=\"lazy\" decoding=\"async\" class=\"alignnone size-large wp-image-11514\" src=\"https:\/\/agora.xtec.cat\/ceip-joanmiro-barcelona\/wp-content\/uploads\/usu741\/2024\/01\/IMG_1109-1024x768.jpeg\" alt=\"\" width=\"1024\" height=\"768\" srcset=\"https:\/\/agora.xtec.cat\/ceip-joanmiro-barcelona\/wp-content\/uploads\/usu741\/2024\/01\/IMG_1109-1024x768.jpeg 1024w, https:\/\/agora.xtec.cat\/ceip-joanmiro-barcelona\/wp-content\/uploads\/usu741\/2024\/01\/IMG_1109-300x225.jpeg 300w, https:\/\/agora.xtec.cat\/ceip-joanmiro-barcelona\/wp-content\/uploads\/usu741\/2024\/01\/IMG_1109-768x576.jpeg 768w, https:\/\/agora.xtec.cat\/ceip-joanmiro-barcelona\/wp-content\/uploads\/usu741\/2024\/01\/IMG_1109-1536x1152.jpeg 1536w, https:\/\/agora.xtec.cat\/ceip-joanmiro-barcelona\/wp-content\/uploads\/usu741\/2024\/01\/IMG_1109-200x150.jpeg 200w, https:\/\/agora.xtec.cat\/ceip-joanmiro-barcelona\/wp-content\/uploads\/usu741\/2024\/01\/IMG_1109.jpeg 2048w\" sizes=\"auto, (max-width: 1024px) 100vw, 1024px\" \/><\/a><\/p>\n<p><a href=\"https:\/\/agora.xtec.cat\/ceip-joanmiro-barcelona\/wp-content\/uploads\/usu741\/2024\/01\/IMG_2931.heic\"><img decoding=\"async\" class=\"alignnone size-full wp-image-11515\" src=\"https:\/\/agora.xtec.cat\/ceip-joanmiro-barcelona\/wp-content\/uploads\/usu741\/2024\/01\/IMG_2931.heic\" alt=\"\" \/><\/a> <a href=\"https:\/\/agora.xtec.cat\/ceip-joanmiro-barcelona\/wp-content\/uploads\/usu741\/2024\/01\/IMG_2931-1-scaled.jpg\"><img loading=\"lazy\" decoding=\"async\" class=\"alignnone size-large wp-image-11516\" src=\"https:\/\/agora.xtec.cat\/ceip-joanmiro-barcelona\/wp-content\/uploads\/usu741\/2024\/01\/IMG_2931-1-1024x768.jpg\" alt=\"\" width=\"1024\" height=\"768\" srcset=\"https:\/\/agora.xtec.cat\/ceip-joanmiro-barcelona\/wp-content\/uploads\/usu741\/2024\/01\/IMG_2931-1-1024x768.jpg 1024w, https:\/\/agora.xtec.cat\/ceip-joanmiro-barcelona\/wp-content\/uploads\/usu741\/2024\/01\/IMG_2931-1-300x225.jpg 300w, https:\/\/agora.xtec.cat\/ceip-joanmiro-barcelona\/wp-content\/uploads\/usu741\/2024\/01\/IMG_2931-1-768x576.jpg 768w, https:\/\/agora.xtec.cat\/ceip-joanmiro-barcelona\/wp-content\/uploads\/usu741\/2024\/01\/IMG_2931-1-1536x1152.jpg 1536w, https:\/\/agora.xtec.cat\/ceip-joanmiro-barcelona\/wp-content\/uploads\/usu741\/2024\/01\/IMG_2931-1-2048x1536.jpg 2048w, https:\/\/agora.xtec.cat\/ceip-joanmiro-barcelona\/wp-content\/uploads\/usu741\/2024\/01\/IMG_2931-1-200x150.jpg 200w\" sizes=\"auto, (max-width: 1024px) 100vw, 1024px\" \/><\/a><\/p>\n<p>&nbsp;<\/p>\n","protected":false},"excerpt":{"rendered":"<p>El 14 i el 15 de desembre del 2023, els nens i nenes\u00a0 de 6\u00e8 de l\u2019escola Joan Mir\u00f3 de Barcelona vam anar al Parlament.<br \/>\nPrimer vam sortir de l\u2019escola, vam anar\u00a0 a la l\u00ednia\u00a0 vermella i vam anar fins a la parada Arc de&hellip;  <a href=\"https:\/\/agora.xtec.cat\/ceip-joanmiro-barcelona\/general\/sise-coneix-la-historia-del-parlament-de-catalunya\/\" title=\"Read Sis\u00e8 coneix la hist\u00f2ria del Parlament de Catalunya\">Llegeix m\u00e9s\u00bb<\/a><\/p>\n","protected":false},"author":116,"featured_media":11514,"comment_status":"open","ping_status":"closed","sticky":false,"template":"","format":"standard","meta":{"_bbp_topic_count":0,"_bbp_reply_count":0,"_bbp_total_topic_count":0,"_bbp_total_reply_count":0,"_bbp_voice_count":0,"_bbp_anonymous_reply_count":0,"_bbp_topic_count_hidden":0,"_bbp_reply_count_hidden":0,"_bbp_forum_subforum_count":0,"footnotes":""},"categories":[1,8],"tags":[296,237,236,295],"class_list":["post-11513","post","type-post","status-publish","format-standard","has-post-thumbnail","hentry","category-general","category-promocio2024","tag-elparlament","tag-hawaii","tag-madagascar","tag-sise"],"post_mailing_queue_ids":[],"_links":{"self":[{"href":"https:\/\/agora.xtec.cat\/ceip-joanmiro-barcelona\/wp-json\/wp\/v2\/posts\/11513","targetHints":{"allow":["GET"]}}],"collection":[{"href":"https:\/\/agora.xtec.cat\/ceip-joanmiro-barcelona\/wp-json\/wp\/v2\/posts"}],"about":[{"href":"https:\/\/agora.xtec.cat\/ceip-joanmiro-barcelona\/wp-json\/wp\/v2\/types\/post"}],"author":[{"embeddable":true,"href":"https:\/\/agora.xtec.cat\/ceip-joanmiro-barcelona\/wp-json\/wp\/v2\/users\/116"}],"replies":[{"embeddable":true,"href":"https:\/\/agora.xtec.cat\/ceip-joanmiro-barcelona\/wp-json\/wp\/v2\/comments?post=11513"}],"version-history":[{"count":2,"href":"https:\/\/agora.xtec.cat\/ceip-joanmiro-barcelona\/wp-json\/wp\/v2\/posts\/11513\/revisions"}],"predecessor-version":[{"id":11518,"href":"https:\/\/agora.xtec.cat\/ceip-joanmiro-barcelona\/wp-json\/wp\/v2\/posts\/11513\/revisions\/11518"}],"wp:featuredmedia":[{"embeddable":true,"href":"https:\/\/agora.xtec.cat\/ceip-joanmiro-barcelona\/wp-json\/wp\/v2\/media\/11514"}],"wp:attachment":[{"href":"https:\/\/agora.xtec.cat\/ceip-joanmiro-barcelona\/wp-json\/wp\/v2\/media?parent=11513"}],"wp:term":[{"taxonomy":"category","embeddable":true,"href":"https:\/\/agora.xtec.cat\/ceip-joanmiro-barcelona\/wp-json\/wp\/v2\/categories?post=11513"},{"taxonomy":"post_tag","embeddable":true,"href":"https:\/\/agora.xtec.cat\/ceip-joanmiro-barcelona\/wp-json\/wp\/v2\/tags?post=11513"}],"curies":[{"name":"wp","href":"https:\/\/api.w.org\/{rel}","templated":true}]}}