{"id":11494,"date":"2024-01-31T11:41:37","date_gmt":"2024-01-31T10:41:37","guid":{"rendered":"https:\/\/agora.xtec.cat\/ceip-joanmiro-barcelona\/?p=11494"},"modified":"2024-02-21T11:53:22","modified_gmt":"2024-02-21T10:53:22","slug":"lalumnat-deducacio-infantil-visita-la-fundacio-miro","status":"publish","type":"post","link":"https:\/\/agora.xtec.cat\/ceip-joanmiro-barcelona\/general\/lalumnat-deducacio-infantil-visita-la-fundacio-miro\/","title":{"rendered":"L\u2019alumnat d\u2019Educaci\u00f3 Infantil visita la Fundaci\u00f3 Mir\u00f3"},"content":{"rendered":"<p><span style=\"font-weight: 400;\">Durant la setmana passada, els nens i nenes d\u2019Educaci\u00f3 Infantil vam visitar la Fundaci\u00f3 Joan Mir\u00f3 i vam poder veure en directe les obres d\u2019art que hem estat treballant a les aules. Vam aprendre com Mir\u00f3 feia les barreges de colors i quins pinzells utilitzava per crear les seves obres.<\/span><\/p>\n<p><span style=\"font-weight: 400;\">Tamb\u00e9 vam passar una estona als Jardins de Laribal, on vam esmorzar i jugar una bona estona tots plegats.<\/span><\/p>\n<p><a href=\"https:\/\/photos.app.goo.gl\/VSEiKvASFcM9MhFK8\"><img loading=\"lazy\" decoding=\"async\" class=\"alignnone size-large wp-image-11495\" src=\"https:\/\/agora.xtec.cat\/ceip-joanmiro-barcelona\/wp-content\/uploads\/usu741\/2024\/01\/IMG_3637-1-1024x768.jpg\" alt=\"\" width=\"1024\" height=\"768\" srcset=\"https:\/\/agora.xtec.cat\/ceip-joanmiro-barcelona\/wp-content\/uploads\/usu741\/2024\/01\/IMG_3637-1-1024x768.jpg 1024w, https:\/\/agora.xtec.cat\/ceip-joanmiro-barcelona\/wp-content\/uploads\/usu741\/2024\/01\/IMG_3637-1-300x225.jpg 300w, https:\/\/agora.xtec.cat\/ceip-joanmiro-barcelona\/wp-content\/uploads\/usu741\/2024\/01\/IMG_3637-1-768x576.jpg 768w, https:\/\/agora.xtec.cat\/ceip-joanmiro-barcelona\/wp-content\/uploads\/usu741\/2024\/01\/IMG_3637-1-1536x1152.jpg 1536w, https:\/\/agora.xtec.cat\/ceip-joanmiro-barcelona\/wp-content\/uploads\/usu741\/2024\/01\/IMG_3637-1-2048x1536.jpg 2048w, https:\/\/agora.xtec.cat\/ceip-joanmiro-barcelona\/wp-content\/uploads\/usu741\/2024\/01\/IMG_3637-1-200x150.jpg 200w\" sizes=\"auto, (max-width: 1024px) 100vw, 1024px\" \/><\/a><\/p>\n","protected":false},"excerpt":{"rendered":"<p>Durant la setmana passada, els nens i nenes d\u2019Educaci\u00f3 Infantil vam visitar la Fundaci\u00f3 Joan Mir\u00f3 i vam poder veure en directe les obres d\u2019art que hem estat treballant a les aules. Vam aprendre com Mir\u00f3 feia les barreges de colors i quins pinzells utilitzava&hellip;  <a href=\"https:\/\/agora.xtec.cat\/ceip-joanmiro-barcelona\/general\/lalumnat-deducacio-infantil-visita-la-fundacio-miro\/\" title=\"Read L\u2019alumnat d\u2019Educaci\u00f3 Infantil visita la Fundaci\u00f3 Mir\u00f3\">Llegeix m\u00e9s\u00bb<\/a><\/p>\n","protected":false},"author":1,"featured_media":11495,"comment_status":"open","ping_status":"closed","sticky":false,"template":"","format":"standard","meta":{"_bbp_topic_count":0,"_bbp_reply_count":0,"_bbp_total_topic_count":0,"_bbp_total_reply_count":0,"_bbp_voice_count":0,"_bbp_anonymous_reply_count":0,"_bbp_topic_count_hidden":0,"_bbp_reply_count_hidden":0,"_bbp_forum_subforum_count":0,"footnotes":""},"categories":[253,241,1,274,2],"tags":[281,285,286,282],"class_list":["post-11494","post","type-post","status-publish","format-standard","has-post-thumbnail","hentry","category-primer","category-segon","category-general","category-i5","category-infantil","tag-moreres","tag-oca","tag-parxis","tag-plataners"],"post_mailing_queue_ids":[],"_links":{"self":[{"href":"https:\/\/agora.xtec.cat\/ceip-joanmiro-barcelona\/wp-json\/wp\/v2\/posts\/11494","targetHints":{"allow":["GET"]}}],"collection":[{"href":"https:\/\/agora.xtec.cat\/ceip-joanmiro-barcelona\/wp-json\/wp\/v2\/posts"}],"about":[{"href":"https:\/\/agora.xtec.cat\/ceip-joanmiro-barcelona\/wp-json\/wp\/v2\/types\/post"}],"author":[{"embeddable":true,"href":"https:\/\/agora.xtec.cat\/ceip-joanmiro-barcelona\/wp-json\/wp\/v2\/users\/1"}],"replies":[{"embeddable":true,"href":"https:\/\/agora.xtec.cat\/ceip-joanmiro-barcelona\/wp-json\/wp\/v2\/comments?post=11494"}],"version-history":[{"count":2,"href":"https:\/\/agora.xtec.cat\/ceip-joanmiro-barcelona\/wp-json\/wp\/v2\/posts\/11494\/revisions"}],"predecessor-version":[{"id":11533,"href":"https:\/\/agora.xtec.cat\/ceip-joanmiro-barcelona\/wp-json\/wp\/v2\/posts\/11494\/revisions\/11533"}],"wp:featuredmedia":[{"embeddable":true,"href":"https:\/\/agora.xtec.cat\/ceip-joanmiro-barcelona\/wp-json\/wp\/v2\/media\/11495"}],"wp:attachment":[{"href":"https:\/\/agora.xtec.cat\/ceip-joanmiro-barcelona\/wp-json\/wp\/v2\/media?parent=11494"}],"wp:term":[{"taxonomy":"category","embeddable":true,"href":"https:\/\/agora.xtec.cat\/ceip-joanmiro-barcelona\/wp-json\/wp\/v2\/categories?post=11494"},{"taxonomy":"post_tag","embeddable":true,"href":"https:\/\/agora.xtec.cat\/ceip-joanmiro-barcelona\/wp-json\/wp\/v2\/tags?post=11494"}],"curies":[{"name":"wp","href":"https:\/\/api.w.org\/{rel}","templated":true}]}}