{"id":11479,"date":"2024-01-15T18:57:30","date_gmt":"2024-01-15T17:57:30","guid":{"rendered":"https:\/\/agora.xtec.cat\/ceip-joanmiro-barcelona\/?p=11479"},"modified":"2024-01-15T18:57:30","modified_gmt":"2024-01-15T17:57:30","slug":"cinque-i-els-seus-tallers-daprenentatge","status":"publish","type":"post","link":"https:\/\/agora.xtec.cat\/ceip-joanmiro-barcelona\/general\/cinque-i-els-seus-tallers-daprenentatge\/","title":{"rendered":"Cinqu\u00e8 i els seus tallers d&#8217;aprenentatge"},"content":{"rendered":"<p><span style=\"font-weight: 400;\">Aquest curs, l\u2019alumnat de 5\u00e8 cada dilluns a la tarda porta a terme els <strong>tallers d\u2019aprenentatge<\/strong>. En s\u00f3n 12 en total, 3 a cada espai. I els alumnes passen per 2 espais, \u00e9s a dir, per un total de 6 tallers de 2 sessions d\u2019una hora i mitja. En voleu saber quins s\u00f3n i de qu\u00e8 tracten?\u00a0<\/span><\/p>\n<p><b>Aula de ci\u00e8ncies:<\/b><\/p>\n<p><span style=\"font-weight: 400;\">Bloggers: Es realitzar una entrada a la web de l\u2019escola,informant d\u2019una sortida o not\u00edcia.<\/span><\/p>\n<p><span style=\"font-weight: 400;\">Tangram\u00e0tic: Trobar la relaci\u00f3 entre les matem\u00e0tiques i el Tangram.\u00a0<\/span><\/p>\n<p><span style=\"font-weight: 400;\">Ci\u00e8nciacional: Tracta d\u2019apropar la ci\u00e8ncia a trav\u00e9s de fer 7 experiments.<\/span><\/p>\n<p><b>Classe Lisboa<\/b><\/p>\n<p><span style=\"font-weight: 400;\">Barcelona la meva ciutat: Tenen un full amb preguntes i han de trobar las respostes en un llibre (poblaci\u00f3, districtes)<\/span><\/p>\n<p><span style=\"font-weight: 400;\">Buy my: dissenyar un producte i fer un v\u00eddeo publicitari.<\/span><\/p>\n<p><span style=\"font-weight: 400;\">Who is who: Crear i jugar al qui \u00e9s qui en angl\u00e8s.<\/span><\/p>\n<p><b>Classe T\u00f2quio<\/b><span style=\"font-weight: 400;\">\u00a0\u00a0\u00a0\u00a0\u00a0\u00a0<\/span><\/p>\n<p><span style=\"font-weight: 400;\">\u00a0<\/span><span style=\"font-weight: 400;\">Scratch: Fer el teu propi joc amb els passos que et demanen.<\/span><\/p>\n<p><span style=\"font-weight: 400;\">Percussi\u00f3 corporal : crear una coreografia amb el teu grup.<\/span><\/p>\n<p><span style=\"font-weight: 400;\">Posa-li veu: Mirar un tr\u00e0iler d&#8217;una pel\u00b7l\u00edcula,i canviar-li la veu per la teva als personatges.<\/span><\/p>\n<p><b>Aula de m\u00fasica<\/b><\/p>\n<p><span style=\"font-weight: 400;\">Music games:<\/span> <span style=\"font-weight: 400;\">Fer jocs amb les notes musicals.<\/span><\/p>\n<p><span style=\"font-weight: 400;\">Arquitectes:<\/span> <span style=\"font-weight: 400;\">Inventar-se una habitaci\u00f3, i dibuixar-la a un paper.\u00a0\u00a0<\/span><\/p>\n<p><span style=\"font-weight: 400;\">Representa&#8217;t: Has de descriure&#8217;t a tu mateix.<\/span><\/p>\n<p>&nbsp;<\/p>\n<p>Taller Bloggers: Yared, Berta, \u00c9rica, Amaya i Eric<\/p>\n<p><a href=\"https:\/\/agora.xtec.cat\/ceip-joanmiro-barcelona\/wp-content\/uploads\/usu741\/2024\/01\/Aula-ciencies-min-scaled.jpg\"><img loading=\"lazy\" decoding=\"async\" class=\"alignnone size-medium wp-image-11482\" src=\"https:\/\/agora.xtec.cat\/ceip-joanmiro-barcelona\/wp-content\/uploads\/usu741\/2024\/01\/Aula-ciencies-min-225x300.jpg\" alt=\"\" width=\"225\" height=\"300\" srcset=\"https:\/\/agora.xtec.cat\/ceip-joanmiro-barcelona\/wp-content\/uploads\/usu741\/2024\/01\/Aula-ciencies-min-225x300.jpg 225w, https:\/\/agora.xtec.cat\/ceip-joanmiro-barcelona\/wp-content\/uploads\/usu741\/2024\/01\/Aula-ciencies-min-768x1024.jpg 768w, https:\/\/agora.xtec.cat\/ceip-joanmiro-barcelona\/wp-content\/uploads\/usu741\/2024\/01\/Aula-ciencies-min-1152x1536.jpg 1152w, https:\/\/agora.xtec.cat\/ceip-joanmiro-barcelona\/wp-content\/uploads\/usu741\/2024\/01\/Aula-ciencies-min-1536x2048.jpg 1536w, https:\/\/agora.xtec.cat\/ceip-joanmiro-barcelona\/wp-content\/uploads\/usu741\/2024\/01\/Aula-ciencies-min-scaled.jpg 1920w\" sizes=\"auto, (max-width: 225px) 100vw, 225px\" \/><\/a> <a href=\"https:\/\/agora.xtec.cat\/ceip-joanmiro-barcelona\/wp-content\/uploads\/usu741\/2024\/01\/Aula-Musica-min-scaled.jpg\"><img loading=\"lazy\" decoding=\"async\" class=\"alignnone size-medium wp-image-11483\" src=\"https:\/\/agora.xtec.cat\/ceip-joanmiro-barcelona\/wp-content\/uploads\/usu741\/2024\/01\/Aula-Musica-min-225x300.jpg\" alt=\"\" width=\"225\" height=\"300\" srcset=\"https:\/\/agora.xtec.cat\/ceip-joanmiro-barcelona\/wp-content\/uploads\/usu741\/2024\/01\/Aula-Musica-min-225x300.jpg 225w, https:\/\/agora.xtec.cat\/ceip-joanmiro-barcelona\/wp-content\/uploads\/usu741\/2024\/01\/Aula-Musica-min-768x1024.jpg 768w, https:\/\/agora.xtec.cat\/ceip-joanmiro-barcelona\/wp-content\/uploads\/usu741\/2024\/01\/Aula-Musica-min-1152x1536.jpg 1152w, https:\/\/agora.xtec.cat\/ceip-joanmiro-barcelona\/wp-content\/uploads\/usu741\/2024\/01\/Aula-Musica-min-1536x2048.jpg 1536w, https:\/\/agora.xtec.cat\/ceip-joanmiro-barcelona\/wp-content\/uploads\/usu741\/2024\/01\/Aula-Musica-min-scaled.jpg 1920w\" sizes=\"auto, (max-width: 225px) 100vw, 225px\" \/><\/a> <a href=\"https:\/\/agora.xtec.cat\/ceip-joanmiro-barcelona\/wp-content\/uploads\/usu741\/2024\/01\/Lisboa-min-scaled.jpg\"><img loading=\"lazy\" decoding=\"async\" class=\"alignnone size-medium wp-image-11484\" src=\"https:\/\/agora.xtec.cat\/ceip-joanmiro-barcelona\/wp-content\/uploads\/usu741\/2024\/01\/Lisboa-min-225x300.jpg\" alt=\"\" width=\"225\" height=\"300\" srcset=\"https:\/\/agora.xtec.cat\/ceip-joanmiro-barcelona\/wp-content\/uploads\/usu741\/2024\/01\/Lisboa-min-225x300.jpg 225w, https:\/\/agora.xtec.cat\/ceip-joanmiro-barcelona\/wp-content\/uploads\/usu741\/2024\/01\/Lisboa-min-768x1024.jpg 768w, https:\/\/agora.xtec.cat\/ceip-joanmiro-barcelona\/wp-content\/uploads\/usu741\/2024\/01\/Lisboa-min-1152x1536.jpg 1152w, https:\/\/agora.xtec.cat\/ceip-joanmiro-barcelona\/wp-content\/uploads\/usu741\/2024\/01\/Lisboa-min-1536x2048.jpg 1536w, https:\/\/agora.xtec.cat\/ceip-joanmiro-barcelona\/wp-content\/uploads\/usu741\/2024\/01\/Lisboa-min-scaled.jpg 1920w\" sizes=\"auto, (max-width: 225px) 100vw, 225px\" \/><\/a> <a href=\"https:\/\/agora.xtec.cat\/ceip-joanmiro-barcelona\/wp-content\/uploads\/usu741\/2024\/01\/Toquio-min-scaled.jpg\"><img loading=\"lazy\" decoding=\"async\" class=\"alignnone size-medium wp-image-11485\" src=\"https:\/\/agora.xtec.cat\/ceip-joanmiro-barcelona\/wp-content\/uploads\/usu741\/2024\/01\/Toquio-min-225x300.jpg\" alt=\"\" width=\"225\" height=\"300\" srcset=\"https:\/\/agora.xtec.cat\/ceip-joanmiro-barcelona\/wp-content\/uploads\/usu741\/2024\/01\/Toquio-min-225x300.jpg 225w, https:\/\/agora.xtec.cat\/ceip-joanmiro-barcelona\/wp-content\/uploads\/usu741\/2024\/01\/Toquio-min-768x1024.jpg 768w, https:\/\/agora.xtec.cat\/ceip-joanmiro-barcelona\/wp-content\/uploads\/usu741\/2024\/01\/Toquio-min-1152x1536.jpg 1152w, https:\/\/agora.xtec.cat\/ceip-joanmiro-barcelona\/wp-content\/uploads\/usu741\/2024\/01\/Toquio-min-1536x2048.jpg 1536w, https:\/\/agora.xtec.cat\/ceip-joanmiro-barcelona\/wp-content\/uploads\/usu741\/2024\/01\/Toquio-min-scaled.jpg 1920w\" sizes=\"auto, (max-width: 225px) 100vw, 225px\" \/><\/a><\/p>\n","protected":false},"excerpt":{"rendered":"<p>Aquest curs, l\u2019alumnat de 5\u00e8 cada dilluns a la tarda porta a terme els tallers d\u2019aprenentatge. En s\u00f3n 12 en total, 3 a cada espai. I els alumnes passen per 2 espais, \u00e9s a dir, per un total de 6 tallers de 2 sessions d\u2019una&hellip;  <a href=\"https:\/\/agora.xtec.cat\/ceip-joanmiro-barcelona\/general\/cinque-i-els-seus-tallers-daprenentatge\/\" title=\"Read Cinqu\u00e8 i els seus tallers d&#8217;aprenentatge\">Llegeix m\u00e9s\u00bb<\/a><\/p>\n","protected":false},"author":150,"featured_media":11488,"comment_status":"open","ping_status":"closed","sticky":false,"template":"","format":"standard","meta":{"_bbp_topic_count":0,"_bbp_reply_count":0,"_bbp_total_topic_count":0,"_bbp_total_reply_count":0,"_bbp_voice_count":0,"_bbp_anonymous_reply_count":0,"_bbp_topic_count_hidden":0,"_bbp_reply_count_hidden":0,"_bbp_forum_subforum_count":0,"footnotes":""},"categories":[1,4,5],"tags":[246,247],"class_list":["post-11479","post","type-post","status-publish","format-standard","has-post-thumbnail","hentry","category-general","category-portada","category-primaria","tag-lisboa","tag-toquio"],"post_mailing_queue_ids":[],"_links":{"self":[{"href":"https:\/\/agora.xtec.cat\/ceip-joanmiro-barcelona\/wp-json\/wp\/v2\/posts\/11479","targetHints":{"allow":["GET"]}}],"collection":[{"href":"https:\/\/agora.xtec.cat\/ceip-joanmiro-barcelona\/wp-json\/wp\/v2\/posts"}],"about":[{"href":"https:\/\/agora.xtec.cat\/ceip-joanmiro-barcelona\/wp-json\/wp\/v2\/types\/post"}],"author":[{"embeddable":true,"href":"https:\/\/agora.xtec.cat\/ceip-joanmiro-barcelona\/wp-json\/wp\/v2\/users\/150"}],"replies":[{"embeddable":true,"href":"https:\/\/agora.xtec.cat\/ceip-joanmiro-barcelona\/wp-json\/wp\/v2\/comments?post=11479"}],"version-history":[{"count":6,"href":"https:\/\/agora.xtec.cat\/ceip-joanmiro-barcelona\/wp-json\/wp\/v2\/posts\/11479\/revisions"}],"predecessor-version":[{"id":11493,"href":"https:\/\/agora.xtec.cat\/ceip-joanmiro-barcelona\/wp-json\/wp\/v2\/posts\/11479\/revisions\/11493"}],"wp:featuredmedia":[{"embeddable":true,"href":"https:\/\/agora.xtec.cat\/ceip-joanmiro-barcelona\/wp-json\/wp\/v2\/media\/11488"}],"wp:attachment":[{"href":"https:\/\/agora.xtec.cat\/ceip-joanmiro-barcelona\/wp-json\/wp\/v2\/media?parent=11479"}],"wp:term":[{"taxonomy":"category","embeddable":true,"href":"https:\/\/agora.xtec.cat\/ceip-joanmiro-barcelona\/wp-json\/wp\/v2\/categories?post=11479"},{"taxonomy":"post_tag","embeddable":true,"href":"https:\/\/agora.xtec.cat\/ceip-joanmiro-barcelona\/wp-json\/wp\/v2\/tags?post=11479"}],"curies":[{"name":"wp","href":"https:\/\/api.w.org\/{rel}","templated":true}]}}