{"id":11284,"date":"2023-11-13T16:42:02","date_gmt":"2023-11-13T15:42:02","guid":{"rendered":"https:\/\/agora.xtec.cat\/ceip-joanmiro-barcelona\/?p=11284"},"modified":"2023-11-16T12:07:08","modified_gmt":"2023-11-16T11:07:08","slug":"5e-visita-lhort-de-la-fundacio-aspasim","status":"publish","type":"post","link":"https:\/\/agora.xtec.cat\/ceip-joanmiro-barcelona\/portada\/5e-visita-lhort-de-la-fundacio-aspasim\/","title":{"rendered":"5\u00e8 visita l&#8217;hort de la Fundaci\u00f3 Aspasim per aprendre a treballar l&#8217;hort de l&#8217;escola"},"content":{"rendered":"<p style=\"text-align: left;\">L&#8217;alumnat de 5\u00e8, el dijous 26 d&#8217;octubre vam realitzar una sortida de tot el dia a Vallvidrera. All\u00e0 vam visitar el <a href=\"https:\/\/aspasim.es\/serveis\/escola\">centre d&#8217;educaci\u00f3 especial Aspasim<\/a>, per poder veure com treballen el seu hort. Vam poder observar i experimentar diferents aspectes i conceptes. I vam concloure l&#8217;excursi\u00f3, fent un tomb pel pant\u00e0 de Vallvidrera i dinant all\u00e0.<\/p>\n<p><em>Jancarlos, Shristi, Biel, Pol i Emma (Taller Bloggers)<\/em><\/p>\n<p><a href=\"https:\/\/agora.xtec.cat\/ceip-joanmiro-barcelona\/wp-content\/uploads\/usu741\/2023\/11\/IMG_20231026_102923-scaled.jpg\"><img loading=\"lazy\" decoding=\"async\" class=\"alignnone size-medium wp-image-11285\" src=\"https:\/\/agora.xtec.cat\/ceip-joanmiro-barcelona\/wp-content\/uploads\/usu741\/2023\/11\/IMG_20231026_102923-225x300.jpg\" alt=\"\" width=\"225\" height=\"300\" srcset=\"https:\/\/agora.xtec.cat\/ceip-joanmiro-barcelona\/wp-content\/uploads\/usu741\/2023\/11\/IMG_20231026_102923-225x300.jpg 225w, https:\/\/agora.xtec.cat\/ceip-joanmiro-barcelona\/wp-content\/uploads\/usu741\/2023\/11\/IMG_20231026_102923-768x1024.jpg 768w, https:\/\/agora.xtec.cat\/ceip-joanmiro-barcelona\/wp-content\/uploads\/usu741\/2023\/11\/IMG_20231026_102923-1152x1536.jpg 1152w, https:\/\/agora.xtec.cat\/ceip-joanmiro-barcelona\/wp-content\/uploads\/usu741\/2023\/11\/IMG_20231026_102923-1536x2048.jpg 1536w, https:\/\/agora.xtec.cat\/ceip-joanmiro-barcelona\/wp-content\/uploads\/usu741\/2023\/11\/IMG_20231026_102923-scaled.jpg 1920w\" sizes=\"auto, (max-width: 225px) 100vw, 225px\" \/><\/a> <a href=\"https:\/\/agora.xtec.cat\/ceip-joanmiro-barcelona\/wp-content\/uploads\/usu741\/2023\/11\/IMG_20231026_105202-scaled.jpg\"><img loading=\"lazy\" decoding=\"async\" class=\"alignnone size-medium wp-image-11286\" src=\"https:\/\/agora.xtec.cat\/ceip-joanmiro-barcelona\/wp-content\/uploads\/usu741\/2023\/11\/IMG_20231026_105202-225x300.jpg\" alt=\"\" width=\"225\" height=\"300\" srcset=\"https:\/\/agora.xtec.cat\/ceip-joanmiro-barcelona\/wp-content\/uploads\/usu741\/2023\/11\/IMG_20231026_105202-225x300.jpg 225w, https:\/\/agora.xtec.cat\/ceip-joanmiro-barcelona\/wp-content\/uploads\/usu741\/2023\/11\/IMG_20231026_105202-768x1024.jpg 768w, https:\/\/agora.xtec.cat\/ceip-joanmiro-barcelona\/wp-content\/uploads\/usu741\/2023\/11\/IMG_20231026_105202-1152x1536.jpg 1152w, https:\/\/agora.xtec.cat\/ceip-joanmiro-barcelona\/wp-content\/uploads\/usu741\/2023\/11\/IMG_20231026_105202-1536x2048.jpg 1536w, https:\/\/agora.xtec.cat\/ceip-joanmiro-barcelona\/wp-content\/uploads\/usu741\/2023\/11\/IMG_20231026_105202-scaled.jpg 1920w\" sizes=\"auto, (max-width: 225px) 100vw, 225px\" \/><\/a> <a href=\"https:\/\/agora.xtec.cat\/ceip-joanmiro-barcelona\/wp-content\/uploads\/usu741\/2023\/11\/IMG_20231026_130727-scaled.jpg\"><img loading=\"lazy\" decoding=\"async\" class=\"alignnone size-medium wp-image-11287\" src=\"https:\/\/agora.xtec.cat\/ceip-joanmiro-barcelona\/wp-content\/uploads\/usu741\/2023\/11\/IMG_20231026_130727-225x300.jpg\" alt=\"\" width=\"225\" height=\"300\" srcset=\"https:\/\/agora.xtec.cat\/ceip-joanmiro-barcelona\/wp-content\/uploads\/usu741\/2023\/11\/IMG_20231026_130727-225x300.jpg 225w, https:\/\/agora.xtec.cat\/ceip-joanmiro-barcelona\/wp-content\/uploads\/usu741\/2023\/11\/IMG_20231026_130727-768x1024.jpg 768w, https:\/\/agora.xtec.cat\/ceip-joanmiro-barcelona\/wp-content\/uploads\/usu741\/2023\/11\/IMG_20231026_130727-1152x1536.jpg 1152w, https:\/\/agora.xtec.cat\/ceip-joanmiro-barcelona\/wp-content\/uploads\/usu741\/2023\/11\/IMG_20231026_130727-1536x2048.jpg 1536w, https:\/\/agora.xtec.cat\/ceip-joanmiro-barcelona\/wp-content\/uploads\/usu741\/2023\/11\/IMG_20231026_130727-scaled.jpg 1920w\" sizes=\"auto, (max-width: 225px) 100vw, 225px\" \/><\/a><\/p>\n","protected":false},"excerpt":{"rendered":"<p>L&#8217;alumnat de 5\u00e8, el dijous 26 d&#8217;octubre vam realitzar una sortida de tot el dia a Vallvidrera. All\u00e0 vam visitar el <a href=\"https:\/\/aspasim.es\/serveis\/escola\">centre d&#8217;educaci\u00f3 especial Aspasim<\/a>, per poder veure com treballen el seu hort. Vam poder observar i experimentar diferents aspectes i conceptes. I vam&hellip;  <a href=\"https:\/\/agora.xtec.cat\/ceip-joanmiro-barcelona\/portada\/5e-visita-lhort-de-la-fundacio-aspasim\/\" title=\"Read 5\u00e8 visita l&#8217;hort de la Fundaci\u00f3 Aspasim per aprendre a treballar l&#8217;hort de l&#8217;escola\">Llegeix m\u00e9s\u00bb<\/a><\/p>\n","protected":false},"author":150,"featured_media":11309,"comment_status":"open","ping_status":"closed","sticky":false,"template":"","format":"standard","meta":{"_bbp_topic_count":0,"_bbp_reply_count":0,"_bbp_total_topic_count":0,"_bbp_total_reply_count":0,"_bbp_voice_count":0,"_bbp_anonymous_reply_count":0,"_bbp_topic_count_hidden":0,"_bbp_reply_count_hidden":0,"_bbp_forum_subforum_count":0,"footnotes":""},"categories":[4,5,30],"tags":[246,247],"class_list":["post-11284","post","type-post","status-publish","format-standard","has-post-thumbnail","hentry","category-portada","category-primaria","category-valors","tag-lisboa","tag-toquio"],"post_mailing_queue_ids":[],"_links":{"self":[{"href":"https:\/\/agora.xtec.cat\/ceip-joanmiro-barcelona\/wp-json\/wp\/v2\/posts\/11284","targetHints":{"allow":["GET"]}}],"collection":[{"href":"https:\/\/agora.xtec.cat\/ceip-joanmiro-barcelona\/wp-json\/wp\/v2\/posts"}],"about":[{"href":"https:\/\/agora.xtec.cat\/ceip-joanmiro-barcelona\/wp-json\/wp\/v2\/types\/post"}],"author":[{"embeddable":true,"href":"https:\/\/agora.xtec.cat\/ceip-joanmiro-barcelona\/wp-json\/wp\/v2\/users\/150"}],"replies":[{"embeddable":true,"href":"https:\/\/agora.xtec.cat\/ceip-joanmiro-barcelona\/wp-json\/wp\/v2\/comments?post=11284"}],"version-history":[{"count":6,"href":"https:\/\/agora.xtec.cat\/ceip-joanmiro-barcelona\/wp-json\/wp\/v2\/posts\/11284\/revisions"}],"predecessor-version":[{"id":11310,"href":"https:\/\/agora.xtec.cat\/ceip-joanmiro-barcelona\/wp-json\/wp\/v2\/posts\/11284\/revisions\/11310"}],"wp:featuredmedia":[{"embeddable":true,"href":"https:\/\/agora.xtec.cat\/ceip-joanmiro-barcelona\/wp-json\/wp\/v2\/media\/11309"}],"wp:attachment":[{"href":"https:\/\/agora.xtec.cat\/ceip-joanmiro-barcelona\/wp-json\/wp\/v2\/media?parent=11284"}],"wp:term":[{"taxonomy":"category","embeddable":true,"href":"https:\/\/agora.xtec.cat\/ceip-joanmiro-barcelona\/wp-json\/wp\/v2\/categories?post=11284"},{"taxonomy":"post_tag","embeddable":true,"href":"https:\/\/agora.xtec.cat\/ceip-joanmiro-barcelona\/wp-json\/wp\/v2\/tags?post=11284"}],"curies":[{"name":"wp","href":"https:\/\/api.w.org\/{rel}","templated":true}]}}